{"id":17812,"date":"2026-04-29T02:54:43","date_gmt":"2026-04-29T00:54:43","guid":{"rendered":"https:\/\/virusmusik.de\/magazin\/?p=17812"},"modified":"2026-04-29T02:54:43","modified_gmt":"2026-04-29T00:54:43","slug":"virusmusik-das-virusmusikradio-und-der-kick-e-v-sind-in-der-koalition-freie-szene","status":"publish","type":"post","link":"http:\/\/virusmusik.de\/magazin\/?p=17812","title":{"rendered":"VirusMusik &#8211; das VirusMusikRadio und der Kick e.V. sind in der Koalition Freie Szene."},"content":{"rendered":"<figure id=\"attachment_17813\" aria-describedby=\"caption-attachment-17813\" style=\"width: 536px\" class=\"wp-caption alignleft\"><a href=\"https:\/\/koalition-freieszeneffm.de\/\" target=\"_blank\" rel=\"noopener\"><img loading=\"lazy\" decoding=\"async\" class=\"wp-image-17813\" src=\"http:\/\/virusmusik.de\/magazin\/wp-content\/uploads\/2026\/04\/Logos-A4-KdFS-Ffm-2-1024x860.jpeg\" alt=\"\" width=\"536\" height=\"450\" srcset=\"http:\/\/virusmusik.de\/magazin\/wp-content\/uploads\/2026\/04\/Logos-A4-KdFS-Ffm-2-1024x860.jpeg 1024w, http:\/\/virusmusik.de\/magazin\/wp-content\/uploads\/2026\/04\/Logos-A4-KdFS-Ffm-2-300x252.jpeg 300w, http:\/\/virusmusik.de\/magazin\/wp-content\/uploads\/2026\/04\/Logos-A4-KdFS-Ffm-2-768x645.jpeg 768w, http:\/\/virusmusik.de\/magazin\/wp-content\/uploads\/2026\/04\/Logos-A4-KdFS-Ffm-2.jpeg 1143w\" sizes=\"auto, (max-width: 536px) 100vw, 536px\" \/><\/a><figcaption id=\"caption-attachment-17813\" class=\"wp-caption-text\">Zur Koalition Freie Szene<\/figcaption><\/figure>\n<p><strong>Hallo liebe Musiker*innen und Bands, liebe Mitstreiter*innen unserer Freien Kunst und Kulturszene.<\/strong><\/p>\n<p>Mit dieser E-Mail erreicht euch ein Aufruf aus der Koalition der Freien Szene, ein Zusammenschluss und das Sprachrohr aller Freien K\u00fcnstler*innen und Kulturschaffenden der Frankfurter Region. Wir wollen euch zum Mitwirken in unserer Initiativ- und Interessensvertreter*innen &#8211; Gruppe inspirieren und einladen. VirusMusik &#8211; das VirusMusikRadio und der Kick e.V. sind Teil der Koalition Freie Szene.<\/p>\n<p>Wir sind ein Zusammenschluss von K\u00fcnstler*innen, Initiativen und Institutionen, die jenseits der im \u00f6ffentlichen Auftrag agierenden Kultureinrichtungen arbeiten. Wir sind \u00fcberparteilich und unabh\u00e4ngig von \u00f6konomischen Interessen einzelner. Wir sind vielf\u00e4ltig, offen und international und m\u00f6chten euch zu unseren n\u00e4chsten Treffen einladen.<\/p>\n<p>Am Mittwoch, den 29. April findet im Rahmen des Licher Filmfestival die Jahresversammlung der Koalition Freie Szene statt.<\/p>\n<p>Die letzten Jahre waren f\u00fcr freie Kulturschaffende \u00e4u\u00dferst schwierig, gerade aufgrund der verschiedenen Krisen war und bleibt freiberufliches Arbeiten in der Kultur prek\u00e4r. Wir von der Koalition der freien Szene arbeiten seit einigen Jahren daran, die Bedingungen f\u00fcr die freie Szene durch regelm\u00e4\u00dfige Lobbyarbeit zu verbessern. Die Zeiten werden nicht besser und unsere k\u00fcnstlerischen Genres zu erhalten, zu vertreten und weiterzuentwickeln k\u00f6nnen wir nur, wenn wir uns zusammentun. Daf\u00fcr wurde unser breites B\u00fcndnis, die Koalition Freie Szene vor Jahren ins Leben gerufen und hat sich organisiert und schon viel Geh\u00f6r verschafft. Es gibt allerdings noch Platz nach oben und vieles zu tun. An guten Ideen fehlt es nicht, jedoch an Mitstreiter*innen und Aktive in unserer Koalition der Freien Szene f\u00fcr alles, was noch m\u00f6glich w\u00e4re.<\/p>\n<p>Unser n\u00e4chstes Treffen, eine Vollversammlung, quasi ein Kick-off f\u00fcr alle, die es interessiert oder bereits wissen, dass sie sich engagieren wollen, findet am 29. April im Studierendenhaus auf dem Kulturcampus Bockenheim statt.<\/p>\n<p><strong><br \/>\nUnsere vorl\u00e4ufige Tagesordnung:<\/strong><\/p>\n<ul>\n<li>die Sprecherinnen der einzelnen Sparten berichten von ihrer Arbeit und von den aktualisierten Forderungen an die Politik 25 \/ 26<br \/>\n\u2022 Ergebnisse des Kulturentwicklungsplan<br \/>\n\u2022 Ausblick &#8211; Was ist in Planung? &#8211;<br \/>\n\u2022 Wahl der Sprecherinnen. W\u00e4hrend der Ausz\u00e4hlung der Stimmen: Speed Dating zum Kennenlernen und Vernetzen.<\/li>\n<\/ul>\n<p>Wir freuen uns, wenn m\u00f6glichst viele freie Kulturschaffende aus unterschiedlichen Sparten an unserer Versammlung teilnehmen.<br \/>\nLeitet die Einladung gerne an potenziell Interessierte weiter.<\/p>\n<p>Datum: Mittwoch, 29.04.2026<br \/>\nUhrzeit: 19:30 Uhr<br \/>\nOrt:\u00a0 Im Studierendenhaus auf dem Kulturcampus Bockenheim \u2013 Mertonstra\u00dfe 26 \u2013 60325 Frankfurt Bockenheim.<br \/>\nGastgeber*in: Lichter Filmfest<\/p>\n<p>&nbsp;<\/p>\n","protected":false},"excerpt":{"rendered":"<p>Hallo liebe Musiker*innen und Bands, liebe Mitstreiter*innen unserer Freien Kunst und Kulturszene. Mit dieser E-Mail erreicht euch ein Aufruf aus der Koalition der Freien Szene, ein Zusammenschluss und das Sprachrohr aller Freien K\u00fcnstler*innen und Kulturschaffenden der Frankfurter Region. Wir wollen euch zum Mitwirken in unserer Initiativ- und Interessensvertreter*innen &#8211; Gruppe inspirieren und einladen. VirusMusik &#8211; [&hellip;]<\/p>\n","protected":false},"author":2,"featured_media":17813,"comment_status":"open","ping_status":"open","sticky":false,"template":"","format":"standard","meta":{"footnotes":""},"categories":[62,381,667,4],"tags":[1437,1438,1243,1371,1439,908,1370,17],"class_list":["post-17812","post","type-post","status-publish","format-standard","has-post-thumbnail","hentry","category-virusmusik","category-slider_startseite","category-startseite","category-veranstaltungen","tag-koalition-freie-szene","tag-koalition-freie-szene-frankfurt","tag-konzerte","tag-kultur","tag-kulturverein","tag-musik","tag-musikinitiative","tag-virusmusik"],"_links":{"self":[{"href":"http:\/\/virusmusik.de\/magazin\/index.php?rest_route=\/wp\/v2\/posts\/17812","targetHints":{"allow":["GET"]}}],"collection":[{"href":"http:\/\/virusmusik.de\/magazin\/index.php?rest_route=\/wp\/v2\/posts"}],"about":[{"href":"http:\/\/virusmusik.de\/magazin\/index.php?rest_route=\/wp\/v2\/types\/post"}],"author":[{"embeddable":true,"href":"http:\/\/virusmusik.de\/magazin\/index.php?rest_route=\/wp\/v2\/users\/2"}],"replies":[{"embeddable":true,"href":"http:\/\/virusmusik.de\/magazin\/index.php?rest_route=%2Fwp%2Fv2%2Fcomments&post=17812"}],"version-history":[{"count":2,"href":"http:\/\/virusmusik.de\/magazin\/index.php?rest_route=\/wp\/v2\/posts\/17812\/revisions"}],"predecessor-version":[{"id":17815,"href":"http:\/\/virusmusik.de\/magazin\/index.php?rest_route=\/wp\/v2\/posts\/17812\/revisions\/17815"}],"wp:featuredmedia":[{"embeddable":true,"href":"http:\/\/virusmusik.de\/magazin\/index.php?rest_route=\/wp\/v2\/media\/17813"}],"wp:attachment":[{"href":"http:\/\/virusmusik.de\/magazin\/index.php?rest_route=%2Fwp%2Fv2%2Fmedia&parent=17812"}],"wp:term":[{"taxonomy":"category","embeddable":true,"href":"http:\/\/virusmusik.de\/magazin\/index.php?rest_route=%2Fwp%2Fv2%2Fcategories&post=17812"},{"taxonomy":"post_tag","embeddable":true,"href":"http:\/\/virusmusik.de\/magazin\/index.php?rest_route=%2Fwp%2Fv2%2Ftags&post=17812"}],"curies":[{"name":"wp","href":"https:\/\/api.w.org\/{rel}","templated":true}]}}