{"id":16196,"date":"2025-02-08T14:21:30","date_gmt":"2025-02-08T13:21:30","guid":{"rendered":"http:\/\/virusmusik.de\/magazin\/?p=16196"},"modified":"2025-02-28T15:42:43","modified_gmt":"2025-02-28T14:42:43","slug":"unser-beitrag-zum-weltradiotag-auf-radio-x-prima-klima","status":"publish","type":"post","link":"http:\/\/virusmusik.de\/magazin\/?p=16196","title":{"rendered":"Unser Beitrag zum &#8222;Weltradiotag&#8220; auf radio x : PRIMA KLIMA"},"content":{"rendered":"<p>f\u00fcr Do., den 13.02., von 13 &#8211; 14 Uhr hier bei <a href=\"https:\/\/www.radiox.de\/\" target=\"_blank\" rel=\"noopener\">Frankfurts unabh\u00e4ngiges, werbefreies Stadtradio &#8211; radio x | Frankfurter Stadtradio | FM 91,8<\/a><\/p>\n<p>Wie klimaneutral sind Radio und Musikszene In Zeiten von Internet und On-Demand-Diensten? Die VirusMusik-Redaktion besch\u00e4ftigt sich mit Nachhaltigkeit, CO2 -Neutralit\u00e4t und dem \u201eKlimawandel\u201c im Bereich Veranstaltungen, Konzerten, Internetnutzung und Radio. Es gibt ein Interview mit Zoe von Fridays for Future Frankfurt und wir spielen themengerechte Musik dazu.\u00a0Durch die Sendung f\u00fchren Sepp\u00b4l, Niels und Ben vom H\u00f6rnerv.<\/p>\n<p><em>Der Weltradiotag wurde 2011 von den UNESCO-Mitgliedsstaaten ausgerufen und 2012 von der Generalversammlung der Vereinten Nationen als Internationaler Tag der UNO anerkannt. Seitdem wird er jedes Jahr am 13. Februar gefeiert.<\/em><\/p>\n<p><em>Die UNESCO betont, dass 2025 ein entscheidendes Jahr f\u00fcr den Klimaschutz ist: Laut Pariser Abkommen m\u00fcssen die Treibhausgasemissionen sp\u00e4testens dann ihren H\u00f6chststand erreichen. Radio spielt dabei eine zentrale Rolle, denn es ist eines der vertrauensw\u00fcrdigsten Medien, das unabh\u00e4ngig \u00fcber Klimawandel und Umweltschutz informiert. Es hilft, Fake News zu entlarven, gibt Expert:innen und Betroffenen eine Stimme und bietet Raum f\u00fcr L\u00f6sungen. Besonders lokale Sender leisten einen wichtigen Beitrag, indem sie direkte Erfahrungsberichte aus ihren Gemeinschaften senden. Zudem kann Radio in Krisensituationen Leben retten \u2013 etwa bei Umweltkatastrophen, wenn andere Informationsquellen ausfallen.<\/em><\/p>\n<p>Schaltet ein und feiert mit uns die Kraft des Radios!<\/p>\n<p>Die Playlist:<\/p>\n<p><strong>01. CYNTHIA NICKSCHAS \u2013 Nich\u00b4auf die h\u00f6r\u00b4n<\/strong> (Is\u00b4 halt so! V\u00d6 2023) *<em>Beitragsfoto<\/em><\/p>\n<p><strong>02. SPLIFF \u2013 Radio<\/strong> (Schwarz auf Wei\u00df V\u00d6 1984)<\/p>\n<figure id=\"attachment_16198\" aria-describedby=\"caption-attachment-16198\" style=\"width: 155px\" class=\"wp-caption alignleft\"><img loading=\"lazy\" decoding=\"async\" class=\" wp-image-16198\" src=\"http:\/\/virusmusik.de\/magazin\/wp-content\/uploads\/2025\/02\/KAFVKA2_FOTOCREDIT_THOMAS_TIEFSEETAUCHER.jpg\" alt=\"\" width=\"155\" height=\"103\" srcset=\"http:\/\/virusmusik.de\/magazin\/wp-content\/uploads\/2025\/02\/KAFVKA2_FOTOCREDIT_THOMAS_TIEFSEETAUCHER.jpg 720w, http:\/\/virusmusik.de\/magazin\/wp-content\/uploads\/2025\/02\/KAFVKA2_FOTOCREDIT_THOMAS_TIEFSEETAUCHER-300x200.jpg 300w, http:\/\/virusmusik.de\/magazin\/wp-content\/uploads\/2025\/02\/KAFVKA2_FOTOCREDIT_THOMAS_TIEFSEETAUCHER-272x182.jpg 272w\" sizes=\"auto, (max-width: 155px) 100vw, 155px\" \/><figcaption id=\"caption-attachment-16198\" class=\"wp-caption-text\">KAFVKA aus Berlin-Lichtenberg. Mit ihrer frechen wie schlauen Schnauze die Crossover Band f\u00fcr Fridays for Future<\/figcaption><\/figure>\n<p>&nbsp;<\/p>\n<p><strong>03. KAFVKA \u2013 Hallo Welt<\/strong> (V\u00d6 2018)<\/p>\n<p><strong>04. PRIMA KLIMA \u2013 Tango<\/strong> (Das Wetter ist f\u00fcr alle da V\u00d6 1981)<\/p>\n<p><img loading=\"lazy\" decoding=\"async\" class=\"wp-image-16200 alignleft\" src=\"http:\/\/virusmusik.de\/magazin\/wp-content\/uploads\/2025\/02\/Die-\u00c4rzte-1-1024x800.jpg\" alt=\"\" width=\"168\" height=\"131\" srcset=\"http:\/\/virusmusik.de\/magazin\/wp-content\/uploads\/2025\/02\/Die-\u00c4rzte-1-1024x800.jpg 1024w, http:\/\/virusmusik.de\/magazin\/wp-content\/uploads\/2025\/02\/Die-\u00c4rzte-1-300x234.jpg 300w, http:\/\/virusmusik.de\/magazin\/wp-content\/uploads\/2025\/02\/Die-\u00c4rzte-1-768x600.jpg 768w\" sizes=\"auto, (max-width: 168px) 100vw, 168px\" \/><br \/>\n<strong>05. DIE \u00c4RZTE \u2013 Radio brennt<\/strong> (Ist das alles? V\u00d6 1987)<br \/>\n<img loading=\"lazy\" decoding=\"async\" class=\"wp-image-16201 alignleft\" src=\"http:\/\/virusmusik.de\/magazin\/wp-content\/uploads\/2025\/02\/The-Screwjetz-aus-Langenselbold-1024x1024.jpg\" alt=\"\" width=\"140\" height=\"140\" srcset=\"http:\/\/virusmusik.de\/magazin\/wp-content\/uploads\/2025\/02\/The-Screwjetz-aus-Langenselbold-1024x1024.jpg 1024w, http:\/\/virusmusik.de\/magazin\/wp-content\/uploads\/2025\/02\/The-Screwjetz-aus-Langenselbold-150x150.jpg 150w, http:\/\/virusmusik.de\/magazin\/wp-content\/uploads\/2025\/02\/The-Screwjetz-aus-Langenselbold-300x300.jpg 300w, http:\/\/virusmusik.de\/magazin\/wp-content\/uploads\/2025\/02\/The-Screwjetz-aus-Langenselbold-768x767.jpg 768w, http:\/\/virusmusik.de\/magazin\/wp-content\/uploads\/2025\/02\/The-Screwjetz-aus-Langenselbold.jpg 1200w\" sizes=\"auto, (max-width: 140px) 100vw, 140px\" \/><br \/>\n<strong>\u00a0<\/strong><strong>06. THE SCREWJETZ \u2013 SUV<\/strong> (Single V\u00d6 ca. 2023)<\/p>\n<p><strong>07. NINA HAGEN \u2013 Universelles Radio<\/strong> (In Ekstasy V\u00d6 1985)<\/p>\n<p>Wir w\u00fcnschen gute Unterhaltung !<\/p>\n","protected":false},"excerpt":{"rendered":"<p>f\u00fcr Do., den 13.02., von 13 &#8211; 14 Uhr hier bei Frankfurts unabh\u00e4ngiges, werbefreies Stadtradio &#8211; radio x | Frankfurter Stadtradio | FM 91,8 Wie klimaneutral sind Radio und Musikszene In Zeiten von Internet und On-Demand-Diensten? Die VirusMusik-Redaktion besch\u00e4ftigt sich mit Nachhaltigkeit, CO2 -Neutralit\u00e4t und dem \u201eKlimawandel\u201c im Bereich Veranstaltungen, Konzerten, Internetnutzung und Radio. Es [&hellip;]<\/p>\n","protected":false},"author":4,"featured_media":16197,"comment_status":"open","ping_status":"open","sticky":false,"template":"","format":"standard","meta":{"footnotes":""},"categories":[1,7,691,26,3],"tags":[30,883,307,252,1195,15,886,1169,17,1194],"class_list":["post-16196","post","type-post","status-publish","format-standard","has-post-thumbnail","hentry","category-allgemein","category-hoernerv","category-of-scene","category-playlist","category-virusmusikradio","tag-cynthia-nickschas","tag-die-aerzte","tag-kafvka","tag-nina-hagen","tag-prima-klima","tag-radio-x","tag-spliff","tag-the-screwjetz","tag-virusmusik","tag-weltradiotag-2025"],"_links":{"self":[{"href":"http:\/\/virusmusik.de\/magazin\/index.php?rest_route=\/wp\/v2\/posts\/16196","targetHints":{"allow":["GET"]}}],"collection":[{"href":"http:\/\/virusmusik.de\/magazin\/index.php?rest_route=\/wp\/v2\/posts"}],"about":[{"href":"http:\/\/virusmusik.de\/magazin\/index.php?rest_route=\/wp\/v2\/types\/post"}],"author":[{"embeddable":true,"href":"http:\/\/virusmusik.de\/magazin\/index.php?rest_route=\/wp\/v2\/users\/4"}],"replies":[{"embeddable":true,"href":"http:\/\/virusmusik.de\/magazin\/index.php?rest_route=%2Fwp%2Fv2%2Fcomments&post=16196"}],"version-history":[{"count":2,"href":"http:\/\/virusmusik.de\/magazin\/index.php?rest_route=\/wp\/v2\/posts\/16196\/revisions"}],"predecessor-version":[{"id":16203,"href":"http:\/\/virusmusik.de\/magazin\/index.php?rest_route=\/wp\/v2\/posts\/16196\/revisions\/16203"}],"wp:featuredmedia":[{"embeddable":true,"href":"http:\/\/virusmusik.de\/magazin\/index.php?rest_route=\/wp\/v2\/media\/16197"}],"wp:attachment":[{"href":"http:\/\/virusmusik.de\/magazin\/index.php?rest_route=%2Fwp%2Fv2%2Fmedia&parent=16196"}],"wp:term":[{"taxonomy":"category","embeddable":true,"href":"http:\/\/virusmusik.de\/magazin\/index.php?rest_route=%2Fwp%2Fv2%2Fcategories&post=16196"},{"taxonomy":"post_tag","embeddable":true,"href":"http:\/\/virusmusik.de\/magazin\/index.php?rest_route=%2Fwp%2Fv2%2Ftags&post=16196"}],"curies":[{"name":"wp","href":"https:\/\/api.w.org\/{rel}","templated":true}]}}