{"id":16132,"date":"2025-01-20T22:53:22","date_gmt":"2025-01-20T21:53:22","guid":{"rendered":"http:\/\/virusmusik.de\/magazin\/?p=16132"},"modified":"2025-02-28T15:43:04","modified_gmt":"2025-02-28T14:43:04","slug":"coming-up-hoernerv-435-proudly-presents-creators-opera-a-story-in-the-key-of-rock-dolp-voe-01-10-2024","status":"publish","type":"post","link":"http:\/\/virusmusik.de\/magazin\/?p=16132","title":{"rendered":"H\u00f6rnerv # 435 proudly presents CREATORS\u00b4 OPERA : A story in the key of Rock (DoLP) V\u00d6 01.10.2024"},"content":{"rendered":"<p><em>Wegen Krankheit des Moderators muss die geplante Sendung am 5.02. um 14 Tage verschoben werden. Neuer Sendetermin ist der 19. Februar.<\/em><\/p>\n<p>Februar 2025, live von 17 &#8211; 18 Uhr hier bei <a href=\"http:\/\/www.radiox.de\/\" target=\"_blank\" rel=\"noopener\">Frankfurts unabh\u00e4ngiges, werbefreies Stadtradio &#8211; radio x | Frankfurter Stadtradio | FM 91,8<\/a><\/p>\n<p>Studiog\u00e4ste: Axel Balke (gui.) und Alex Stix (key.)<\/p>\n<p><img loading=\"lazy\" decoding=\"async\" class=\" wp-image-16146 alignleft\" src=\"http:\/\/virusmusik.de\/magazin\/wp-content\/uploads\/2025\/01\/CREATURES-OPERA-Cover-1-987x1024.jpg\" alt=\"\" width=\"204\" height=\"212\" srcset=\"http:\/\/virusmusik.de\/magazin\/wp-content\/uploads\/2025\/01\/CREATURES-OPERA-Cover-1-987x1024.jpg 987w, http:\/\/virusmusik.de\/magazin\/wp-content\/uploads\/2025\/01\/CREATURES-OPERA-Cover-1-289x300.jpg 289w, http:\/\/virusmusik.de\/magazin\/wp-content\/uploads\/2025\/01\/CREATURES-OPERA-Cover-1-768x797.jpg 768w, http:\/\/virusmusik.de\/magazin\/wp-content\/uploads\/2025\/01\/CREATURES-OPERA-Cover-1.jpg 1955w\" sizes=\"auto, (max-width: 204px) 100vw, 204px\" \/><\/p>\n<p>Das wir in der Region \u00fcber einen wahnsinnig guten Pool an MusikerInnen verf\u00fcgen d\u00fcrfte euch \u2013 insbesondere durch die t\u00e4glichen VirusMusik Sendungen auf radio x \u2013 l\u00e4ngst bekannt sein. Immer \u00f6fter kommt es vor, da\u00df unsere \u201eStars und Sternchen\u201c der heimischen Musikszene Alben ver\u00f6ffentlichen, die internationalen Standards entsprechen oder manchmal sogar toppen.<\/p>\n<p>Die Rock Band CREATURES` OPERA aus dem Raum Dieburg\/Darmstadt hat im Oktober 2024 ein Doppelalbum mit 21 Songs ver\u00f6ffentlicht das alle diese Voraussetzungen erf\u00fcllt. Axel Balke (gui.) und Alex Stix (key.), zwei regional sehr renommierte Musiker, haben eine Rock Oper geschrieben und mit jeder Menge talentierten MitstreiterInnen eingespielt. 6 Jahre Entwicklungszeit und Kosten in H\u00f6he eines Kleinwagens hat die Produktion verschlungen. Doch das h\u00f6rt man ihr auch an. Mit \u201eA story in the key of Rock\u201c ist ihnen ein erfrischendes Meisterwerk gelungen, das sich auch international h\u00f6ren und sehen lassen kann. <img loading=\"lazy\" decoding=\"async\" class=\"wp-image-16135 alignright\" src=\"http:\/\/virusmusik.de\/magazin\/wp-content\/uploads\/2025\/01\/CREATURES\u00b4OPERA-Team-1024x801.jpg\" alt=\"\" width=\"231\" height=\"295\" \/><\/p>\n<p><img loading=\"lazy\" decoding=\"async\" class=\"wp-image-16134 alignleft\" src=\"http:\/\/virusmusik.de\/magazin\/wp-content\/uploads\/2025\/01\/CREATURES-OPERA-Band-1024x985.jpg\" alt=\"\" width=\"261\" height=\"271\" \/>Die Rockoper erz\u00e4hlt die Geschichte um eitle Wissenschaftler, die die Welt verbessern wollen, um Kreaturen, die den Menschen aufgrund ihrer Andersartigkeit Angst einjagen, um Themen wie Krieg, Liebe und schlie\u00dflich um die Hoffnung auf eine gemeinsame, friedliche Zukunft. Was aber dem Ganzen die Krone aufsetzt, ist der fantastische Gesang der GastmusikerInnen. Alles hier ist stimmig, der Sound erstklassig und das Cover ein Hingucker.\u00a0 <a href=\"https:\/\/www.creaturesopera.com\/\" target=\"_blank\" rel=\"noopener\">Start<\/a> (zur homepage der Band)<\/p>\n<p>Make Music Not War ! Der Ben vom H\u00f6rnerv<\/p>\n<p>Die vorl\u00e4ufige Playlist: Alle Songs vom Album &#8222;A story in the key of Rock&#8220; (DoLP) V\u00d6 01.10.2024<\/p>\n<p><strong>01. Chain Reaction<\/strong> (04)<\/p>\n<p><strong>02. Face to face<\/strong> (05)<\/p>\n<p><strong>03. Demon dance<\/strong> (07)<\/p>\n<p><strong>04. Summer rain<\/strong> (08)<\/p>\n<p><strong>05. Sinner<\/strong> (10)<\/p>\n<p><strong>06. Attack<\/strong> (12)<\/p>\n<p><strong>07. Dreaming<\/strong> (13)<\/p>\n<p><strong>08. Wake up<\/strong> (17)<\/p>\n<p>&nbsp;<\/p>\n<p><strong><em>H\u00f6rnerv \u2013 die n\u00e4chsten Radioshows<\/em><\/strong><\/p>\n<p># 437 \u2013 05.03. &#8211; Die <strong>Rock\u00b4n\u00b4Roll Brothers<\/strong> lassen die Sau raus (Aschermittwoch)<br \/>\nPart 4 &#8211; mit Frank, Rainer und Ben<\/p>\n<p># 438 \u2013 19.03. &#8211; Der Musikclub <strong>PONYHOF<\/strong> in Frankfurt-Alt-Sachsenhausen<br \/>\nMit Studiogast Clubbetreiber Thomas<\/p>\n<p><img loading=\"lazy\" decoding=\"async\" class=\" wp-image-16122 alignleft\" src=\"http:\/\/virusmusik.de\/magazin\/wp-content\/uploads\/2025\/01\/The-Screwjetz-aus-Langenselbold-1024x1024.jpg\" alt=\"\" width=\"141\" height=\"141\" srcset=\"http:\/\/virusmusik.de\/magazin\/wp-content\/uploads\/2025\/01\/The-Screwjetz-aus-Langenselbold-1024x1024.jpg 1024w, http:\/\/virusmusik.de\/magazin\/wp-content\/uploads\/2025\/01\/The-Screwjetz-aus-Langenselbold-150x150.jpg 150w, http:\/\/virusmusik.de\/magazin\/wp-content\/uploads\/2025\/01\/The-Screwjetz-aus-Langenselbold-300x300.jpg 300w, http:\/\/virusmusik.de\/magazin\/wp-content\/uploads\/2025\/01\/The-Screwjetz-aus-Langenselbold-768x767.jpg 768w, http:\/\/virusmusik.de\/magazin\/wp-content\/uploads\/2025\/01\/The-Screwjetz-aus-Langenselbold.jpg 1200w\" sizes=\"auto, (max-width: 141px) 100vw, 141px\" \/><\/p>\n<p># 439 \u2013 02.04. &#8211; <strong>THE SCREWJETZ<\/strong> (Feine Punkmusik in Deutsch)<br \/>\naus Langenselbold \u2013 mit Studiog\u00e4sten: Peter plus Kollegen<\/p>\n<figure id=\"attachment_16129\" aria-describedby=\"caption-attachment-16129\" style=\"width: 99px\" class=\"wp-caption alignleft\"><img loading=\"lazy\" decoding=\"async\" class=\" wp-image-16129\" src=\"http:\/\/virusmusik.de\/magazin\/wp-content\/uploads\/2025\/01\/Der-Luger-1.jpg\" alt=\"\" width=\"99\" height=\"99\" srcset=\"http:\/\/virusmusik.de\/magazin\/wp-content\/uploads\/2025\/01\/Der-Luger-1.jpg 1024w, http:\/\/virusmusik.de\/magazin\/wp-content\/uploads\/2025\/01\/Der-Luger-1-150x150.jpg 150w, http:\/\/virusmusik.de\/magazin\/wp-content\/uploads\/2025\/01\/Der-Luger-1-300x300.jpg 300w, http:\/\/virusmusik.de\/magazin\/wp-content\/uploads\/2025\/01\/Der-Luger-1-768x768.jpg 768w\" sizes=\"auto, (max-width: 99px) 100vw, 99px\" \/><figcaption id=\"caption-attachment-16129\" class=\"wp-caption-text\">DER LUGER lugt gut und schreibt tolle Texte.<\/figcaption><\/figure>\n<p># 440 \u2013 16.04. &#8211; <strong>DER LUGER<\/strong> (Krasser Abgeh-Rock mit Deutschen Texten) FRA\/HH (IV-Vorproduktion am 12.04. und Studiog\u00e4sten)<\/p>\n<p># 441 \u2013 07.05. &#8211; t.b.c.<\/p>\n<p><strong>Die Open Air Festival Saison 2025 startet !<\/strong><\/p>\n<p># 442 \u2013 21.05. &#8211; <strong>Rock den Acker Open Air<\/strong> Festival 2025 (t.b.c.)<br \/>\nin Nidderau-Erbstadt mit Studiog\u00e4sten<\/p>\n<p># 443 \u2013 04.06. &#8211; Festivalvorschau<\/p>\n<p># 444 \u2013 18.06. &#8211; Festivalvorschau : <strong>Eurofolk Ingelheim<\/strong> (20. &#8211; 22.06.) t.b.c.<\/p>\n<p># 445 \u2013 02.07. &#8211; Festivalvorschau<\/p>\n<p># 446 \u2013 16.07. &#8211; Festivalvorschau \u2013 <strong>Burg Herzberg Festival<\/strong> (24. &#8211; 27.07.) t.b.c.<\/p>\n<p># 447 \u2013 06.08. &#8211; Festivalvorschau<\/p>\n<p># 448 \u2013 20.08. &#8211; Festivalvorschau<\/p>\n<p>Hinweis: Du machst selbst Musik, spielst in einer Band und m\u00f6chtest damit \u201eOn Air\u201c gehen ? Dann schreibe mir eine Mail an Bernd@VirusMusik.de<br \/>\nWenn alles passt dann bekommt die Welt von Dir demn\u00e4chst mehr zu h\u00f6ren. Trau\u00b4 Dich !<\/p>\n<p>&nbsp;<\/p>\n<p>&nbsp;<\/p>\n","protected":false},"excerpt":{"rendered":"<p>Wegen Krankheit des Moderators muss die geplante Sendung am 5.02. um 14 Tage verschoben werden. Neuer Sendetermin ist der 19. Februar. Februar 2025, live von 17 &#8211; 18 Uhr hier bei Frankfurts unabh\u00e4ngiges, werbefreies Stadtradio &#8211; radio x | Frankfurter Stadtradio | FM 91,8 Studiog\u00e4ste: Axel Balke (gui.) und Alex Stix (key.) Das wir in [&hellip;]<\/p>\n","protected":false},"author":4,"featured_media":16133,"comment_status":"open","ping_status":"open","sticky":false,"template":"","format":"standard","meta":{"footnotes":""},"categories":[1,7,26,3],"tags":[1190,10,15],"class_list":["post-16132","post","type-post","status-publish","format-standard","has-post-thumbnail","hentry","category-allgemein","category-hoernerv","category-playlist","category-virusmusikradio","tag-creatures-opera","tag-hoernerv","tag-radio-x"],"_links":{"self":[{"href":"http:\/\/virusmusik.de\/magazin\/index.php?rest_route=\/wp\/v2\/posts\/16132","targetHints":{"allow":["GET"]}}],"collection":[{"href":"http:\/\/virusmusik.de\/magazin\/index.php?rest_route=\/wp\/v2\/posts"}],"about":[{"href":"http:\/\/virusmusik.de\/magazin\/index.php?rest_route=\/wp\/v2\/types\/post"}],"author":[{"embeddable":true,"href":"http:\/\/virusmusik.de\/magazin\/index.php?rest_route=\/wp\/v2\/users\/4"}],"replies":[{"embeddable":true,"href":"http:\/\/virusmusik.de\/magazin\/index.php?rest_route=%2Fwp%2Fv2%2Fcomments&post=16132"}],"version-history":[{"count":7,"href":"http:\/\/virusmusik.de\/magazin\/index.php?rest_route=\/wp\/v2\/posts\/16132\/revisions"}],"predecessor-version":[{"id":16193,"href":"http:\/\/virusmusik.de\/magazin\/index.php?rest_route=\/wp\/v2\/posts\/16132\/revisions\/16193"}],"wp:featuredmedia":[{"embeddable":true,"href":"http:\/\/virusmusik.de\/magazin\/index.php?rest_route=\/wp\/v2\/media\/16133"}],"wp:attachment":[{"href":"http:\/\/virusmusik.de\/magazin\/index.php?rest_route=%2Fwp%2Fv2%2Fmedia&parent=16132"}],"wp:term":[{"taxonomy":"category","embeddable":true,"href":"http:\/\/virusmusik.de\/magazin\/index.php?rest_route=%2Fwp%2Fv2%2Fcategories&post=16132"},{"taxonomy":"post_tag","embeddable":true,"href":"http:\/\/virusmusik.de\/magazin\/index.php?rest_route=%2Fwp%2Fv2%2Ftags&post=16132"}],"curies":[{"name":"wp","href":"https:\/\/api.w.org\/{rel}","templated":true}]}}