{"id":14325,"date":"2023-08-29T19:00:06","date_gmt":"2023-08-29T17:00:06","guid":{"rendered":"http:\/\/virusmusik.de\/magazin\/?p=14325"},"modified":"2023-09-05T21:10:13","modified_gmt":"2023-09-05T19:10:13","slug":"3-nordpark-open-air-festival-in-frankfurt-bonames-am-9-10-09-sa-so-mit-der-creme-de-la-creme","status":"publish","type":"post","link":"http:\/\/virusmusik.de\/magazin\/?p=14325","title":{"rendered":"3. Nordpark Open Air Festival in Frankfurt-Bonames am 9. + 10.09. (Sa.\/So.) mit der Creme de la Creme"},"content":{"rendered":"<p>der regionalen Musikszene. Mehr Infos hier: <a href=\"https:\/\/nordparkfestival-frankfurt.de\/\" target=\"_blank\" rel=\"noopener\">Nordparkfestival Frankfurt 2023 (nordparkfestival-frankfurt.de)<\/a><\/p>\n<p>Den Podcast der Radiosendung vom 30.08. (Vertretung f\u00fcr backspace) mit einem Ausblick auf die letzten Open Air Festivals der Saison 2023 (vom 31. August bis 10. September) gibt es f\u00fcr die n\u00e4chsten 7 Tage in der Audiothek von radio x (Rubrik: +7) : <a href=\"http:\/\/www.radiox.de\/\" target=\"_blank\" rel=\"noopener\">Frankfurts unabh\u00e4ngiges, werbefreies Stadtradio &#8211; radio x | Frankfurter Stadtradio | FM 91,8<\/a><\/p>\n<p>Die Playlist:<\/p>\n<p><span style=\"color: #ff0000;\">Europafestival am 31. August an der Weseler Werft zu Frankfurt<\/span><br \/>\n<strong>01. JOY DENALANE feat. LUPE FIASKO \u2013 Change<\/strong> (Albumsampler: Starke Stimmen gegen Rechts (V\u00d6 2008)<\/p>\n<figure id=\"attachment_14329\" aria-describedby=\"caption-attachment-14329\" style=\"width: 248px\" class=\"wp-caption alignleft\"><img loading=\"lazy\" decoding=\"async\" class=\" wp-image-14329\" src=\"http:\/\/virusmusik.de\/magazin\/wp-content\/uploads\/2023\/08\/Joy_Denalane_2023.jpg\" alt=\"\" width=\"248\" height=\"372\" srcset=\"http:\/\/virusmusik.de\/magazin\/wp-content\/uploads\/2023\/08\/Joy_Denalane_2023.jpg 800w, http:\/\/virusmusik.de\/magazin\/wp-content\/uploads\/2023\/08\/Joy_Denalane_2023-200x300.jpg 200w, http:\/\/virusmusik.de\/magazin\/wp-content\/uploads\/2023\/08\/Joy_Denalane_2023-768x1152.jpg 768w, http:\/\/virusmusik.de\/magazin\/wp-content\/uploads\/2023\/08\/Joy_Denalane_2023-683x1024.jpg 683w\" sizes=\"auto, (max-width: 248px) 100vw, 248px\" \/><figcaption id=\"caption-attachment-14329\" class=\"wp-caption-text\">Joy aus Kreuzberg kommt an den Main um mit der HR BigBand zu musizieren<\/figcaption><\/figure>\n<p><span style=\"color: #ff0000;\">Hanau B\u00fcrgerfest 2023 am kommenden Wochenende<\/span><br \/>\n<strong>02. BANJOORY &#8211; Was soll ich tun<\/strong> (Album Chill and Junp)<\/p>\n<p><strong>03. DER LUGER &#8211; Puls<\/strong><\/p>\n<p><img loading=\"lazy\" decoding=\"async\" class=\" wp-image-14330 alignleft\" src=\"http:\/\/virusmusik.de\/magazin\/wp-content\/uploads\/2023\/08\/Bunkerfest-H\u00f6chst-2023-Flyer.jpg\" alt=\"\" width=\"213\" height=\"308\" srcset=\"http:\/\/virusmusik.de\/magazin\/wp-content\/uploads\/2023\/08\/Bunkerfest-H\u00f6chst-2023-Flyer.jpg 884w, http:\/\/virusmusik.de\/magazin\/wp-content\/uploads\/2023\/08\/Bunkerfest-H\u00f6chst-2023-Flyer-208x300.jpg 208w, http:\/\/virusmusik.de\/magazin\/wp-content\/uploads\/2023\/08\/Bunkerfest-H\u00f6chst-2023-Flyer-768x1109.jpg 768w, http:\/\/virusmusik.de\/magazin\/wp-content\/uploads\/2023\/08\/Bunkerfest-H\u00f6chst-2023-Flyer-709x1024.jpg 709w\" sizes=\"auto, (max-width: 213px) 100vw, 213px\" \/><\/p>\n<p><span style=\"color: #ff0000;\">H\u00f6chster Bunkerfest am Samstag, 2. September<\/span><br \/>\n<strong>04. SPYFLY &amp; THE DEAF DUDES \u2013 Direction down <\/strong>(EP, V\u00d6 2020)<\/p>\n<p><strong>05. JASON FRETZ &#8211; Kamikaze <\/strong>(V\u00d6 2023)<\/p>\n<p><span style=\"color: #ff0000;\">Beats gegen Rechts am Samstag, 2. September auf dem Kulturcampus in Frankfurt-Bockenheim<\/span><br \/>\n<strong>06. GASTONE &#8211; Mademoiselle <\/strong>(Album Tricke Tracke V\u00d6 2018)<\/p>\n<p><span style=\"color: #ff0000;\">Zum Gedenken an Raimund Salg (2. Gitarre bei den Rodgau Monotones) findet ein Gedenkkonzert am Sa., 09. September im Ampheretheater in Hanau statt (bereits ausverkauft)<\/span><br \/>\n<strong>07. RODGAU MONOTONES \u2013 H\u00f6rmerdochuff<\/strong><\/p>\n<p>&nbsp;<\/p>\n<figure id=\"attachment_14223\" aria-describedby=\"caption-attachment-14223\" style=\"width: 192px\" class=\"wp-caption alignleft\"><img loading=\"lazy\" decoding=\"async\" class=\" wp-image-14223\" src=\"http:\/\/virusmusik.de\/magazin\/wp-content\/uploads\/2023\/03\/IMG_20230705_173139_406.jpg\" alt=\"\" width=\"192\" height=\"192\" srcset=\"http:\/\/virusmusik.de\/magazin\/wp-content\/uploads\/2023\/03\/IMG_20230705_173139_406.jpg 1280w, http:\/\/virusmusik.de\/magazin\/wp-content\/uploads\/2023\/03\/IMG_20230705_173139_406-150x150.jpg 150w, http:\/\/virusmusik.de\/magazin\/wp-content\/uploads\/2023\/03\/IMG_20230705_173139_406-300x300.jpg 300w, http:\/\/virusmusik.de\/magazin\/wp-content\/uploads\/2023\/03\/IMG_20230705_173139_406-768x768.jpg 768w, http:\/\/virusmusik.de\/magazin\/wp-content\/uploads\/2023\/03\/IMG_20230705_173139_406-1024x1024.jpg 1024w\" sizes=\"auto, (max-width: 192px) 100vw, 192px\" \/><figcaption id=\"caption-attachment-14223\" class=\"wp-caption-text\">Die Location zum Nordparkfestival 2023 : Natur Pur !<\/figcaption><\/figure>\n<p><span style=\"color: #ff0000;\">3. Nordparkfestival in Frankfurt-Bonames am 9. + 10. September<\/span><\/p>\n<p><strong>08. THE BLACK CAT\u00b4S EYE \u2013 The Ancient Garden<\/strong><\/p>\n<figure id=\"attachment_14337\" aria-describedby=\"caption-attachment-14337\" style=\"width: 158px\" class=\"wp-caption alignleft\"><img loading=\"lazy\" decoding=\"async\" class=\" wp-image-14337\" src=\"http:\/\/virusmusik.de\/magazin\/wp-content\/uploads\/2023\/08\/Blackcatseye-Arkandoz201919of51Monochrom13JPEG.jpg\" alt=\"\" width=\"158\" height=\"198\" srcset=\"http:\/\/virusmusik.de\/magazin\/wp-content\/uploads\/2023\/08\/Blackcatseye-Arkandoz201919of51Monochrom13JPEG.jpg 2500w, http:\/\/virusmusik.de\/magazin\/wp-content\/uploads\/2023\/08\/Blackcatseye-Arkandoz201919of51Monochrom13JPEG-240x300.jpg 240w, http:\/\/virusmusik.de\/magazin\/wp-content\/uploads\/2023\/08\/Blackcatseye-Arkandoz201919of51Monochrom13JPEG-768x960.jpg 768w, http:\/\/virusmusik.de\/magazin\/wp-content\/uploads\/2023\/08\/Blackcatseye-Arkandoz201919of51Monochrom13JPEG-819x1024.jpg 819w\" sizes=\"auto, (max-width: 158px) 100vw, 158px\" \/><figcaption id=\"caption-attachment-14337\" class=\"wp-caption-text\">THE BLACK CAT\u00b4S EYE aus Frankfurt &#8211; Unsere neuen Shooting Stars: Live auf dem Nordparkfestival 2023, Showtime von 23:15 &#8211; 24:00 Uhr.<\/figcaption><\/figure>\n<p>Moderation: Ben vom H\u00f6rnerv &amp; Niels von OF Scene (Das Sondereinsatzkommando)<\/p>\n<p><span style=\"color: #008000;\">Heute in einer Woche, also am 6. September, 17 &#8211; 18h, werde ich in meiner Sendung \u201eH\u00f6rnerv\u201c nochmal mit Studiog\u00e4sten das letzte Open Air der Festivalsaison 2023 ausf\u00fchrlich beleuchten. Stay tuned !<\/span><\/p>\n","protected":false},"excerpt":{"rendered":"<p>der regionalen Musikszene. Mehr Infos hier: Nordparkfestival Frankfurt 2023 (nordparkfestival-frankfurt.de) Den Podcast der Radiosendung vom 30.08. (Vertretung f\u00fcr backspace) mit einem Ausblick auf die letzten Open Air Festivals der Saison 2023 (vom 31. August bis 10. September) gibt es f\u00fcr die n\u00e4chsten 7 Tage in der Audiothek von radio x (Rubrik: +7) : Frankfurts unabh\u00e4ngiges, [&hellip;]<\/p>\n","protected":false},"author":4,"featured_media":14326,"comment_status":"open","ping_status":"open","sticky":false,"template":"","format":"standard","meta":{"footnotes":""},"categories":[1,7,26],"tags":[281,991,988,248,989,990,427,993,987,992,253,689,944],"class_list":["post-14325","post","type-post","status-publish","format-standard","has-post-thumbnail","hentry","category-allgemein","category-hoernerv","category-playlist","tag-banjoory","tag-beats-gegen-rechts","tag-europafestival-2023","tag-gastone","tag-hanauer-buergerfest-2023","tag-hoechster-bunkerfest-2023","tag-jason-fretz","tag-joy-denalane","tag-nordparkfestival-2023","tag-raimund-salg","tag-rodgau-monotones","tag-spyfly-the-deaf-dudes","tag-the-black-cats-eye"],"_links":{"self":[{"href":"http:\/\/virusmusik.de\/magazin\/index.php?rest_route=\/wp\/v2\/posts\/14325","targetHints":{"allow":["GET"]}}],"collection":[{"href":"http:\/\/virusmusik.de\/magazin\/index.php?rest_route=\/wp\/v2\/posts"}],"about":[{"href":"http:\/\/virusmusik.de\/magazin\/index.php?rest_route=\/wp\/v2\/types\/post"}],"author":[{"embeddable":true,"href":"http:\/\/virusmusik.de\/magazin\/index.php?rest_route=\/wp\/v2\/users\/4"}],"replies":[{"embeddable":true,"href":"http:\/\/virusmusik.de\/magazin\/index.php?rest_route=%2Fwp%2Fv2%2Fcomments&post=14325"}],"version-history":[{"count":7,"href":"http:\/\/virusmusik.de\/magazin\/index.php?rest_route=\/wp\/v2\/posts\/14325\/revisions"}],"predecessor-version":[{"id":14338,"href":"http:\/\/virusmusik.de\/magazin\/index.php?rest_route=\/wp\/v2\/posts\/14325\/revisions\/14338"}],"wp:featuredmedia":[{"embeddable":true,"href":"http:\/\/virusmusik.de\/magazin\/index.php?rest_route=\/wp\/v2\/media\/14326"}],"wp:attachment":[{"href":"http:\/\/virusmusik.de\/magazin\/index.php?rest_route=%2Fwp%2Fv2%2Fmedia&parent=14325"}],"wp:term":[{"taxonomy":"category","embeddable":true,"href":"http:\/\/virusmusik.de\/magazin\/index.php?rest_route=%2Fwp%2Fv2%2Fcategories&post=14325"},{"taxonomy":"post_tag","embeddable":true,"href":"http:\/\/virusmusik.de\/magazin\/index.php?rest_route=%2Fwp%2Fv2%2Ftags&post=14325"}],"curies":[{"name":"wp","href":"https:\/\/api.w.org\/{rel}","templated":true}]}}