{"id":14258,"date":"2023-08-02T10:43:16","date_gmt":"2023-08-02T08:43:16","guid":{"rendered":"http:\/\/virusmusik.de\/magazin\/?p=14258"},"modified":"2023-08-07T12:52:01","modified_gmt":"2023-08-07T10:52:01","slug":"heute-live-am-radio-x-26-afrikanisches-karibisches-kulturfest-im-rebstockpark-in-frankfurt","status":"publish","type":"post","link":"http:\/\/virusmusik.de\/magazin\/?p=14258","title":{"rendered":"H\u00f6rnerv # 399 pr\u00e4sentiert das 26. Afrikanisches &#038; Karibisches Kulturfest im Rebstockpark in Frankfurt"},"content":{"rendered":"<p lang=\"zxx\"><span style=\"color: #000000;\"><span style=\"font-family: Arial, sans-serif;\"><span style=\"font-size: medium;\"><b>Ein Vorgl\u00fchen auf das Open Air am Rebstockpark in Frankfurt am <span lang=\"zxx\">12. + 13. August (Sa.\/So.). <\/span><\/b><span lang=\"zxx\">Den Podcast der Radioshow vom 02.08. gibt es f\u00fcr die n\u00e4chsten 7 Tage in der Audiothek von radio x (Rubrik: +7) <a href=\"http:\/\/www.radiox.de\/\" target=\"_blank\" rel=\"noopener\">Frankfurts unabh\u00e4ngiges, werbefreies Stadtradio &#8211; radio x | Frankfurter Stadtradio | FM 91,8<\/a>\u00a0<\/span><\/span><\/span><\/span><\/p>\n<p lang=\"zxx\"><span style=\"color: #000000;\"><span style=\"font-family: Arial, sans-serif;\"><span style=\"font-size: medium;\"><strong>Studio<\/strong><\/span><\/span><\/span><strong><span style=\"color: #000000;\"><span style=\"font-family: Arial, sans-serif;\"><span style=\"font-size: medium;\">g\u00e4ste: Wendy Elsner und Joachim Sch\u00e4fer (Afrikanischer- &amp; Karibischer Kulturverein)<\/span><\/span><\/span><\/strong><\/p>\n<p lang=\"zxx\"><span style=\"color: #000000;\"><span style=\"font-family: Arial, sans-serif;\"><span style=\"font-size: medium;\"><u>die Playlist:<\/u><\/span><\/span><\/span><\/p>\n<figure id=\"attachment_14264\" aria-describedby=\"caption-attachment-14264\" style=\"width: 226px\" class=\"wp-caption alignleft\"><img loading=\"lazy\" decoding=\"async\" class=\" wp-image-14264\" src=\"http:\/\/virusmusik.de\/magazin\/wp-content\/uploads\/2023\/07\/Sinead-OConnor.jpeg\" alt=\"\" width=\"226\" height=\"197\" srcset=\"http:\/\/virusmusik.de\/magazin\/wp-content\/uploads\/2023\/07\/Sinead-OConnor.jpeg 600w, http:\/\/virusmusik.de\/magazin\/wp-content\/uploads\/2023\/07\/Sinead-OConnor-300x262.jpeg 300w\" sizes=\"auto, (max-width: 226px) 100vw, 226px\" \/><figcaption id=\"caption-attachment-14264\" class=\"wp-caption-text\">Unvergesslich: SINEAD O`CONNOR &#8211; geboren am 08.12.1966 und verstorben im Juli 2023<\/figcaption><\/figure>\n<p lang=\"zxx\"><span style=\"color: #000000;\"><span style=\"font-family: Arial, sans-serif;\"><span style=\"font-size: medium;\"><b>01. SINEAD O\u00b4CONNOR \u2013 Marcus Garvey <\/b><i>(Irland)<\/i><\/span><\/span><\/span><\/p>\n<p>Eine unverwechselbare Stimme die uns fehlen wird. Auch eine Rebellin, eine K\u00e4mpferin der Unterdr\u00fcckten, die sich was traute und von Anbeginn ihrer Karriere mit dem Patriarchat und der Kirche anlegte.<\/p>\n<p>Wir h\u00f6rten den Dub Reggae Song \u201eMarcus Garvey\u201c &#8211; eine Hommage \u2013 benannt nach dem Jamaikanischen National Helden und Propheten der Rastafari Bewegung. Im Original bereits 1975 eingespielt und ver\u00f6ffentlicht von der Roots Reggae Legende BURNING SPEAR.<\/p>\n<p>Der internationale Durchbruch gelang ihr im Jahr 1990 mit der Cover-Version \u201eNothing compares to you\u201c, der eigentlich aus der Feder von PRINCE stammt. Das dazugeh\u00f6rige Album (\u201eI do not want what I havent got\u201c) stand in Europa, England und den USA viele Wochen auf Platz Eins der Charts.<\/p>\n<p>Ihr H\u00f6henflug endete abrupt mit einem Auftritt im Oktober 1992 in der US-amerikanischen Comedyshow Saturday Night Live. Vor laufenden Kameras zerriss sie ein Bild des Papstes Johannes Paul den II um auf den sexuellen Missbrauch in der katholischen Kirche und deren Umgang mit diesen F\u00e4llen aufmerksam zu machen.<\/p>\n<p>Ihre Liebe zur Musik entdeckte sie im \u201eMagdalenen-Internat der \u201eSisters of Our Lady of Charity\u201c &#8211; ein \u201eHeim f\u00fcr gefallene M\u00e4dchen\u201c. Dorthin wurde sie f\u00fcr 18 Monate wegen Schulschw\u00e4nzens und Ladendiebstahl verbannt. Von einer Nonne bekam sie ihre erste Gitarre geschenkt und erhielt auch Unterricht. Dabei nutzte sie aber jede M\u00f6glichkeit abzuhauen um in Dublin Stra\u00dfenmusik zu spielen. Sie nahm an Talentwettbewerben teil und wechselte auf ein Internat. Mit Hilfe ihres Lehrers kam sie zu weiteren Auftritten und zum ersten eigenen Demotape. Mit 16 Jahren verlie\u00df sie das Internat vorzeitig, um Singen und Klavierspielen zu lernen. Mit 21 ver\u00f6ffentlichte sie ihr Deb\u00fct Album und wurde zum Superstar.<\/p>\n<p>Ein Stern, der letzte Woche leider erloschen ist. Scotland Yard fand ihren leblosen K\u00f6rper in ihrer Londoner Wohnung. Sie wurde nur 56 Jahre alt. Noch sind die Todesumst\u00e4nde ungekl\u00e4rt.<\/p>\n<p lang=\"zxx\"><span style=\"color: #000000;\"><span style=\"font-family: Arial, sans-serif;\"><span style=\"font-size: medium;\"><b>02. NINA HAGEN \u2013 Gloria halleluja amen (Freud Euch, V\u00d6 1995) +\u00a0<\/b><\/span><\/span><\/span><span style=\"color: #000000;\"> <span style=\"font-family: Arial, sans-serif;\"><span style=\"font-size: medium;\"><b>PETER TOSH \u2013 Equal Rights (live)<\/b> <i> (Deutschland\/Jamaika)<\/i><\/span><\/span><\/span><\/p>\n<p lang=\"zxx\"><img loading=\"lazy\" decoding=\"async\" class=\" wp-image-14267 alignleft\" src=\"http:\/\/virusmusik.de\/magazin\/wp-content\/uploads\/2023\/08\/cover-peter-tosh-1978-1987-boxset-640x640.jpg\" alt=\"\" width=\"291\" height=\"291\" srcset=\"http:\/\/virusmusik.de\/magazin\/wp-content\/uploads\/2023\/08\/cover-peter-tosh-1978-1987-boxset-640x640.jpg 640w, http:\/\/virusmusik.de\/magazin\/wp-content\/uploads\/2023\/08\/cover-peter-tosh-1978-1987-boxset-640x640-150x150.jpg 150w, http:\/\/virusmusik.de\/magazin\/wp-content\/uploads\/2023\/08\/cover-peter-tosh-1978-1987-boxset-640x640-300x300.jpg 300w\" sizes=\"auto, (max-width: 291px) 100vw, 291px\" \/><\/p>\n<p lang=\"zxx\"><span style=\"color: #000000;\"><span style=\"font-family: Arial, sans-serif;\"><span style=\"font-size: medium;\"><b>03.<\/b> <b>FATALA \u2013 Timini <\/b>(f\u00fcr KUMPA) <i>(West-Afrika)<\/i> <\/span><\/span><\/span><\/p>\n<p lang=\"zxx\"><span style=\"color: #000000;\"><span style=\"font-family: Arial, sans-serif;\"><span style=\"font-size: medium;\"><u><b>Aus dem Programm des Afrika &amp; Karibik Festival 2023<\/b><\/u><\/span><\/span><\/span><\/p>\n<p lang=\"zxx\"><a href=\"https:\/\/www.afro-karibik.de\/\" target=\"_blank\" rel=\"noopener\">Afrikanisches &amp; Karibisches Kulturfest in Frankfurt am Main \u2013 J\u00e4hrliches Kultur und Musik Festival in Frankfurt am Main (afro-karibik.de)<\/a><\/p>\n<p lang=\"zxx\"><span style=\"color: #000000;\"><span style=\"font-family: Arial, sans-serif;\"><span style=\"font-size: medium;\"><u>Der Samstag (12.08.)<\/u><\/span><\/span><\/span><\/p>\n<p lang=\"zxx\"><span style=\"color: #000000;\"><span style=\"font-family: Arial, sans-serif;\"><span style=\"font-size: medium;\"><b>04. FEFE GNALEN KAMISSOKO \u2013 Diarot\u00e9 <\/b><i>(Guinea)<\/i><b> <\/b><\/span><\/span><\/span><\/p>\n<p lang=\"zxx\"><span style=\"color: #000000;\"><span style=\"font-family: Arial, sans-serif;\"><span style=\"font-size: medium;\"><b>05. BLACK PROPHET \u2013 Black Angel <\/b>(V\u00d6 21.07.2023) (Ghana) <em>*Beitragsfoto<\/em><\/span><\/span><\/span><\/p>\n<p lang=\"zxx\"><span style=\"color: #000000;\"><span style=\"font-family: Arial, sans-serif;\"><span style=\"font-size: medium;\"><u>Der Sonntag (13.08.)<\/u><\/span><\/span><\/span><\/p>\n<p lang=\"zxx\"><span style=\"color: #000000;\"><span style=\"font-family: Arial, sans-serif;\"><span style=\"font-size: medium;\"><b>06. BENEDIKT ALPHA \u2013 Gesucht Gefunden (feat. Sakul &amp; Carmela) <\/b>(V\u00d6 2016) <em>(Frankfurt)<\/em><\/span><\/span><\/span><\/p>\n<p lang=\"zxx\"><span style=\"color: #000000;\"><span style=\"font-family: Arial, sans-serif;\"><span style=\"font-size: medium;\"><b>07. NGOMA AFRICA BAND &#8211; Mam Kim Waga<\/b><em>\u00a0(Tanzania- Kiswahili Tanzmusik)<\/em><\/span><\/span><\/span><\/p>\n<p lang=\"zxx\"><span style=\"color: #000000;\"><span style=\"font-family: Arial, sans-serif;\"><span style=\"font-size: medium;\">Gute Unterhaltung w\u00fcnscht Der Ben vom H\u00f6rnerv !\u00a0<\/span><\/span><\/span><b><\/b><b><\/b><\/p>\n<p><em><span style=\"color: #0000ff;\">H\u00f6rnerv \u2026 jeden ersten und dritten Mittwoch im Monat von 17 \u2013 18 Uhr<\/span><\/em><\/p>\n<p><em><span style=\"color: #0000ff;\">Die n\u00e4chsten Sendungen:<\/span><\/em><\/p>\n<p><em><span style=\"color: #0000ff;\"># 400 am 16.08. Festivalvorschau auf die Open Air Saison 2023<\/span><\/em><br \/>\n<em><span style=\"color: #0000ff;\">Das H\u00f6rnerv Jubil\u00e4um (seit 03. M\u00e4rz 1997 auf radio x)<\/span><\/em><\/p>\n<p><em><span style=\"color: #0000ff;\"># 401 am 06.09. Nord Park Festival in Frankfurt-Bonames (09. + 10.09.)<\/span><\/em><\/p>\n<p lang=\"zxx\">\n","protected":false},"excerpt":{"rendered":"<p>Ein Vorgl\u00fchen auf das Open Air am Rebstockpark in Frankfurt am 12. + 13. August (Sa.\/So.). Den Podcast der Radioshow vom 02.08. gibt es f\u00fcr die n\u00e4chsten 7 Tage in der Audiothek von radio x (Rubrik: +7) Frankfurts unabh\u00e4ngiges, werbefreies Stadtradio &#8211; radio x | Frankfurter Stadtradio | FM 91,8\u00a0 Studiog\u00e4ste: Wendy Elsner und Joachim [&hellip;]<\/p>\n","protected":false},"author":4,"featured_media":14261,"comment_status":"open","ping_status":"open","sticky":false,"template":"","format":"standard","meta":{"footnotes":""},"categories":[1,7,26,3],"tags":[973,339,470,975,473,252,808,974],"class_list":["post-14258","post","type-post","status-publish","format-standard","has-post-thumbnail","hentry","category-allgemein","category-hoernerv","category-playlist","category-virusmusikradio","tag-afrikanisches-karibisches-kulturfest-im-rebstockpark","tag-benedikt-alpha","tag-black-prophet","tag-fefe-gnalen-kamissoko","tag-ngoma-africa-band","tag-nina-hagen","tag-peter-tosh","tag-sinead-oconnor"],"_links":{"self":[{"href":"http:\/\/virusmusik.de\/magazin\/index.php?rest_route=\/wp\/v2\/posts\/14258","targetHints":{"allow":["GET"]}}],"collection":[{"href":"http:\/\/virusmusik.de\/magazin\/index.php?rest_route=\/wp\/v2\/posts"}],"about":[{"href":"http:\/\/virusmusik.de\/magazin\/index.php?rest_route=\/wp\/v2\/types\/post"}],"author":[{"embeddable":true,"href":"http:\/\/virusmusik.de\/magazin\/index.php?rest_route=\/wp\/v2\/users\/4"}],"replies":[{"embeddable":true,"href":"http:\/\/virusmusik.de\/magazin\/index.php?rest_route=%2Fwp%2Fv2%2Fcomments&post=14258"}],"version-history":[{"count":9,"href":"http:\/\/virusmusik.de\/magazin\/index.php?rest_route=\/wp\/v2\/posts\/14258\/revisions"}],"predecessor-version":[{"id":14275,"href":"http:\/\/virusmusik.de\/magazin\/index.php?rest_route=\/wp\/v2\/posts\/14258\/revisions\/14275"}],"wp:featuredmedia":[{"embeddable":true,"href":"http:\/\/virusmusik.de\/magazin\/index.php?rest_route=\/wp\/v2\/media\/14261"}],"wp:attachment":[{"href":"http:\/\/virusmusik.de\/magazin\/index.php?rest_route=%2Fwp%2Fv2%2Fmedia&parent=14258"}],"wp:term":[{"taxonomy":"category","embeddable":true,"href":"http:\/\/virusmusik.de\/magazin\/index.php?rest_route=%2Fwp%2Fv2%2Fcategories&post=14258"},{"taxonomy":"post_tag","embeddable":true,"href":"http:\/\/virusmusik.de\/magazin\/index.php?rest_route=%2Fwp%2Fv2%2Ftags&post=14258"}],"curies":[{"name":"wp","href":"https:\/\/api.w.org\/{rel}","templated":true}]}}