{"id":11468,"date":"2021-05-18T23:03:39","date_gmt":"2021-05-18T21:03:39","guid":{"rendered":"http:\/\/virusmusik.de\/magazin\/?p=11468"},"modified":"2021-06-08T23:11:30","modified_gmt":"2021-06-08T21:11:30","slug":"heute-live-bei-radio-x-hoernerv-praesentiert-tongaertner-mit-ihrem-brandheissen-debuetalbum","status":"publish","type":"post","link":"http:\/\/virusmusik.de\/magazin\/?p=11468","title":{"rendered":"H\u00f6rnerv # 346 pr\u00e4sentiert TONG\u00c4RTNER mit brandhei\u00dfen Deb\u00fctalbum"},"content":{"rendered":"<p>vom Mittwoch, 19. Mai 2021, 17 &#8211; 18 Uhr , Podcast: Die Sendung steht f\u00fcr die n\u00e4chsten 7 Tage in der Audiothek (+7) von radio x zum Nachh\u00f6ren und Weiterempfehlen zur Verf\u00fcgung.<\/p>\n<p><a href=\"http:\/\/www.radiox.de\/\" target=\"_blank\" rel=\"noopener\">http:\/\/www.radiox.de\/\u00a0 <\/a><\/p>\n<p><strong><span style=\"color: #ff0000;\">Studiogast: Thomas L\u00f6w (Gui., Voc., Composer u. Autor)<\/span><\/strong><\/p>\n<p><img loading=\"lazy\" decoding=\"async\" class=\"alignleft size-full wp-image-11556\" src=\"http:\/\/virusmusik.de\/magazin\/wp-content\/uploads\/2021\/05\/Tong\u00e4rtner-Albumcover.jpg\" alt=\"\" width=\"1153\" height=\"2696\" srcset=\"http:\/\/virusmusik.de\/magazin\/wp-content\/uploads\/2021\/05\/Tong\u00e4rtner-Albumcover.jpg 1153w, http:\/\/virusmusik.de\/magazin\/wp-content\/uploads\/2021\/05\/Tong\u00e4rtner-Albumcover-128x300.jpg 128w, http:\/\/virusmusik.de\/magazin\/wp-content\/uploads\/2021\/05\/Tong\u00e4rtner-Albumcover-768x1796.jpg 768w, http:\/\/virusmusik.de\/magazin\/wp-content\/uploads\/2021\/05\/Tong\u00e4rtner-Albumcover-438x1024.jpg 438w\" sizes=\"auto, (max-width: 1153px) 100vw, 1153px\" \/><\/p>\n<p>die Playlist:<\/p>\n<p><strong>01. JAN DELAY \u2013 Intro\u00a0 \u00a0 \u00a0 \u00a0 <a href=\"https:\/\/www.jan-delay.de\/\" target=\"_blank\" rel=\"noopener\">Jan Delay | Offizielle Homepage (jan-delay.de)<\/a><\/strong><br \/>\nAlbum: Earth, Wind &amp; Feiern (V\u00d6 21.05.)<\/p>\n<figure id=\"attachment_11480\" aria-describedby=\"caption-attachment-11480\" style=\"width: 300px\" class=\"wp-caption alignleft\"><img loading=\"lazy\" decoding=\"async\" class=\"size-medium wp-image-11480\" src=\"http:\/\/virusmusik.de\/magazin\/wp-content\/uploads\/2021\/05\/26.01.2011_oldenburg_weser-ems-halle-300x169.jpeg\" alt=\"\" width=\"300\" height=\"169\" srcset=\"http:\/\/virusmusik.de\/magazin\/wp-content\/uploads\/2021\/05\/26.01.2011_oldenburg_weser-ems-halle-300x169.jpeg 300w, http:\/\/virusmusik.de\/magazin\/wp-content\/uploads\/2021\/05\/26.01.2011_oldenburg_weser-ems-halle-768x432.jpeg 768w, http:\/\/virusmusik.de\/magazin\/wp-content\/uploads\/2021\/05\/26.01.2011_oldenburg_weser-ems-halle-1024x576.jpeg 1024w, http:\/\/virusmusik.de\/magazin\/wp-content\/uploads\/2021\/05\/26.01.2011_oldenburg_weser-ems-halle.jpeg 1500w\" sizes=\"auto, (max-width: 300px) 100vw, 300px\" \/><figcaption id=\"caption-attachment-11480\" class=\"wp-caption-text\">Jan Delay in Action (Foto Weser Kurier)<\/figcaption><\/figure>\n<p><span style=\"color: #ff0000;\">***alle weiteren Songs vom brandhei\u00dfen Deb\u00fctalbum &#8222;TONG\u00c4RTNER&#8220; (V\u00d6 Ende Mai 2021)***\u00a0 \u00a0<\/span><\/p>\n<figure id=\"attachment_11471\" aria-describedby=\"caption-attachment-11471\" style=\"width: 300px\" class=\"wp-caption alignleft\"><img loading=\"lazy\" decoding=\"async\" class=\"size-medium wp-image-11471\" src=\"http:\/\/virusmusik.de\/magazin\/wp-content\/uploads\/2021\/05\/Tong\u00e4rtner-im-Garten-v.-Germaniabunker-Mai-2021-300x225.jpg\" alt=\"\" width=\"300\" height=\"225\" srcset=\"http:\/\/virusmusik.de\/magazin\/wp-content\/uploads\/2021\/05\/Tong\u00e4rtner-im-Garten-v.-Germaniabunker-Mai-2021-300x225.jpg 300w, http:\/\/virusmusik.de\/magazin\/wp-content\/uploads\/2021\/05\/Tong\u00e4rtner-im-Garten-v.-Germaniabunker-Mai-2021-768x576.jpg 768w, http:\/\/virusmusik.de\/magazin\/wp-content\/uploads\/2021\/05\/Tong\u00e4rtner-im-Garten-v.-Germaniabunker-Mai-2021-1024x768.jpg 1024w\" sizes=\"auto, (max-width: 300px) 100vw, 300px\" \/><figcaption id=\"caption-attachment-11471\" class=\"wp-caption-text\">Chris, Thomas und Dennis sind die TONG\u00c4RTNER (v.l.n.r.)<\/figcaption><\/figure>\n<blockquote class=\"wp-embedded-content\" data-secret=\"Nr5C14c4mT\"><p><a href=\"https:\/\/tongaertner.de\/\" target=\"_blank\" rel=\"noopener\">Home<\/a><\/p><\/blockquote>\n<p><iframe loading=\"lazy\" class=\"wp-embedded-content\" sandbox=\"allow-scripts\" security=\"restricted\" style=\"position: absolute; clip: rect(1px, 1px, 1px, 1px);\" title=\"&#8222;Home&#8220; &#8212; Tong\u00e4rtner\" src=\"https:\/\/tongaertner.de\/?embed=true#?secret=Nr5C14c4mT\" data-secret=\"Nr5C14c4mT\" width=\"600\" height=\"338\" frameborder=\"0\" marginwidth=\"0\" marginheight=\"0\" scrolling=\"no\"><\/iframe><\/p>\n<p><strong>02. Omega Mann<\/strong><\/p>\n<p><strong>03. Hey gib mal was ab<\/strong><\/p>\n<p><strong>04. Sicherer Hafen inkl. IV mit Chris<\/strong><\/p>\n<p><strong>05. Alter Traum<\/strong><\/p>\n<p><strong>06. Es gibt keinen Job auf einem totem Planten inkl. IV Dennis<\/strong><\/p>\n<p><strong>07. Blinddate: Udo Lindenberg &#8211; Meer der Tr\u00e4ume (Album: Daumen im Wind (V\u00d6 1972)<\/strong><\/p>\n<p><img loading=\"lazy\" decoding=\"async\" class=\"alignleft size-medium wp-image-11484\" src=\"http:\/\/virusmusik.de\/magazin\/wp-content\/uploads\/2021\/05\/Udo-Udo-300x296.jpg\" alt=\"\" width=\"300\" height=\"296\" srcset=\"http:\/\/virusmusik.de\/magazin\/wp-content\/uploads\/2021\/05\/Udo-Udo-300x296.jpg 300w, http:\/\/virusmusik.de\/magazin\/wp-content\/uploads\/2021\/05\/Udo-Udo.jpg 425w\" sizes=\"auto, (max-width: 300px) 100vw, 300px\" \/><\/p>\n<p><a href=\"https:\/\/www.udo-lindenberg.de\/udopium\/index.html\" target=\"_blank\" rel=\"noopener\">Udo Lindenberg | Die offizielle Homepage (udo-lindenberg.de)<\/a><\/p>\n<p>Stay tuned !\u00a0Ben vom H\u00f6rnerv<\/p>\n<p><span style=\"color: #0000ff;\">Die n\u00e4chsten H\u00f6rnerv Sendungen: (jeweils von 17 &#8211; 18h)<\/span><\/p>\n<p># 346a &#8211; Mi., 26.05.: Regio Musik Express (Vertretung f\u00fcr Niels von Of-Scene)<br \/>\n# 347 &#8211; Mi., 02.06.: Revolte Tanzbein mit neuem Album<br \/>\n# 348 &#8211; Mi., 16.06.: Ohne Gewehr (Rock aus Lispenhausen\/Rotenburg) mit erster EP<br \/>\n# 349 &#8211; Mi., 07.07.: t.b.a.<br \/>\n# 350 &#8211; Mi., 21.07.: t.b.a.<br \/>\n# 351 &#8211; Mi., 04.08.: Uwe Lulis Project (Der Accept Gitarrist mit neuem Soloalbum)<\/p>\n","protected":false},"excerpt":{"rendered":"<p>vom Mittwoch, 19. Mai 2021, 17 &#8211; 18 Uhr , Podcast: Die Sendung steht f\u00fcr die n\u00e4chsten 7 Tage in der Audiothek (+7) von radio x zum Nachh\u00f6ren und Weiterempfehlen zur Verf\u00fcgung. http:\/\/www.radiox.de\/\u00a0 Studiogast: Thomas L\u00f6w (Gui., Voc., Composer u. Autor) die Playlist: 01. JAN DELAY \u2013 Intro\u00a0 \u00a0 \u00a0 \u00a0 Jan Delay | Offizielle [&hellip;]<\/p>\n","protected":false},"author":4,"featured_media":11473,"comment_status":"open","ping_status":"open","sticky":false,"template":"","format":"standard","meta":{"footnotes":""},"categories":[1,7,26,3],"tags":[724,161,103],"class_list":["post-11468","post","type-post","status-publish","format-standard","has-post-thumbnail","hentry","category-allgemein","category-hoernerv","category-playlist","category-virusmusikradio","tag-jan-delay","tag-tongaertner","tag-udo-lindenberg"],"_links":{"self":[{"href":"http:\/\/virusmusik.de\/magazin\/index.php?rest_route=\/wp\/v2\/posts\/11468","targetHints":{"allow":["GET"]}}],"collection":[{"href":"http:\/\/virusmusik.de\/magazin\/index.php?rest_route=\/wp\/v2\/posts"}],"about":[{"href":"http:\/\/virusmusik.de\/magazin\/index.php?rest_route=\/wp\/v2\/types\/post"}],"author":[{"embeddable":true,"href":"http:\/\/virusmusik.de\/magazin\/index.php?rest_route=\/wp\/v2\/users\/4"}],"replies":[{"embeddable":true,"href":"http:\/\/virusmusik.de\/magazin\/index.php?rest_route=%2Fwp%2Fv2%2Fcomments&post=11468"}],"version-history":[{"count":12,"href":"http:\/\/virusmusik.de\/magazin\/index.php?rest_route=\/wp\/v2\/posts\/11468\/revisions"}],"predecessor-version":[{"id":11557,"href":"http:\/\/virusmusik.de\/magazin\/index.php?rest_route=\/wp\/v2\/posts\/11468\/revisions\/11557"}],"wp:featuredmedia":[{"embeddable":true,"href":"http:\/\/virusmusik.de\/magazin\/index.php?rest_route=\/wp\/v2\/media\/11473"}],"wp:attachment":[{"href":"http:\/\/virusmusik.de\/magazin\/index.php?rest_route=%2Fwp%2Fv2%2Fmedia&parent=11468"}],"wp:term":[{"taxonomy":"category","embeddable":true,"href":"http:\/\/virusmusik.de\/magazin\/index.php?rest_route=%2Fwp%2Fv2%2Fcategories&post=11468"},{"taxonomy":"post_tag","embeddable":true,"href":"http:\/\/virusmusik.de\/magazin\/index.php?rest_route=%2Fwp%2Fv2%2Ftags&post=11468"}],"curies":[{"name":"wp","href":"https:\/\/api.w.org\/{rel}","templated":true}]}}