{"id":11245,"date":"2021-04-21T15:51:42","date_gmt":"2021-04-21T13:51:42","guid":{"rendered":"http:\/\/virusmusik.de\/magazin\/?p=11245"},"modified":"2021-04-21T21:37:26","modified_gmt":"2021-04-21T19:37:26","slug":"heute-live-fee-im-hoernerv-344-auf-radio-x","status":"publish","type":"post","link":"http:\/\/virusmusik.de\/magazin\/?p=11245","title":{"rendered":"Songpoetin u. Singer-\/Songwriterin Fee. live im H\u00f6rnerv # 344 auf radio x"},"content":{"rendered":"<p>21.04.2021, 17 &#8211; 18 Uhr auf <a href=\"http:\/\/www.radiox.de\/\" target=\"_blank\" rel=\"noopener\">Frankfurts unabh\u00e4ngiges, werbefreies Stadtradio &#8211; radio x | Frankfurter Stadtradio | FM 91,8 <\/a>(und danach f\u00fcr 7 Tage als Podcast in der Audiothek)<\/p>\n<p><strong>Studiogast: Fee. aus Frankfurt\/Main<\/strong> (Songpoetin u. Singer- u. Songschreiberin) <a href=\"https:\/\/www.feemusik.de\/\" target=\"_blank\" rel=\"noopener\">FEE. | Singer-Songwriterin (feemusik.de)<\/a><\/p>\n<p>Gestartet ist sie einst als Frontfrau der Band NEOH. Doch sie stieg \u2013 trotz<br \/>\nPlattenvertrag \u2013 aus und nahm ihre Solo-Karriere in Angriff. Aus Stra\u00dfenmusik,<br \/>\nWohnzimmerkonzerten, WG-Sofakanten f\u00fchrt der Weg auf immer gr\u00f6\u00dfere B\u00fchnen.<br \/>\nIhr Gitarre ist dabei immer im Gep\u00e4ck. Das Deb\u00fct-Album &#8222;Ein Zimmer K\u00fcche Bad&#8220;<br \/>\naus 2018 brachte ihr den &#8222;Panik Preis 2019&#8220; der Udo Lindenberg Stiftung ein. &#8222;F\u00fcr<br \/>\neine gelungne Mischung aus Singer- Songwriter und Pop-Punk&#8220;, so die Jury.<br \/>\nTrotz der Pandemie geschuldeten Widrigkeiten gelingt es Fee. Weiter den Blick auf<br \/>\nihre Kunst zu lenken. So wie unl\u00e4ngst in zwei Livestreaming-Konzerten, als Trio in<br \/>\nder VirusMusikRadioShow 2019 oder wie im Januar \u2013 zusammen mit 16 Musikern<br \/>\nder HR-Bigband.<\/p>\n<figure id=\"attachment_11255\" aria-describedby=\"caption-attachment-11255\" style=\"width: 300px\" class=\"wp-caption alignnone\"><img loading=\"lazy\" decoding=\"async\" class=\"size-medium wp-image-11255\" src=\"http:\/\/virusmusik.de\/magazin\/wp-content\/uploads\/2021\/04\/DSC01073-FEE-5-300x169.jpg\" alt=\"\" width=\"300\" height=\"169\" srcset=\"http:\/\/virusmusik.de\/magazin\/wp-content\/uploads\/2021\/04\/DSC01073-FEE-5-300x169.jpg 300w, http:\/\/virusmusik.de\/magazin\/wp-content\/uploads\/2021\/04\/DSC01073-FEE-5-768x432.jpg 768w, http:\/\/virusmusik.de\/magazin\/wp-content\/uploads\/2021\/04\/DSC01073-FEE-5-1024x576.jpg 1024w\" sizes=\"auto, (max-width: 300px) 100vw, 300px\" \/><figcaption id=\"caption-attachment-11255\" class=\"wp-caption-text\">Fee. mit Band in der VirusMusikRadioshow 2020 in der Batschkapp<\/figcaption><\/figure>\n<p>die vorl\u00e4ufige Playlist:<\/p>\n<p><strong>01. SELIG \u2013 Alles ist so<\/strong> (Album: Myriaden V\u00d6 2021)<\/p>\n<p><img loading=\"lazy\" decoding=\"async\" class=\"alignnone size-medium wp-image-11259\" src=\"http:\/\/virusmusik.de\/magazin\/wp-content\/uploads\/2021\/04\/selig-myriaden-300x300.jpg\" alt=\"\" width=\"300\" height=\"300\" srcset=\"http:\/\/virusmusik.de\/magazin\/wp-content\/uploads\/2021\/04\/selig-myriaden-300x300.jpg 300w, http:\/\/virusmusik.de\/magazin\/wp-content\/uploads\/2021\/04\/selig-myriaden-150x150.jpg 150w, http:\/\/virusmusik.de\/magazin\/wp-content\/uploads\/2021\/04\/selig-myriaden.jpg 400w\" sizes=\"auto, (max-width: 300px) 100vw, 300px\" \/><\/p>\n<p>Jan Plewka mit seiner Band &#8222;Selig&#8220; vom aktuellen Album &#8222;Myriaden&#8220;.<br \/>\nIm Jahre 1994 \u00fcbersetzten sie f\u00fcr uns den Grunge ins Deutsche. Wer h\u00e4tte damit<br \/>\ngerechnet, dass die vier Hamburger mal so wunderbar wehm\u00fctige Pop-Songs<br \/>\nschreiben w\u00fcrden ? Im Song &#8222;Alles ist so ordin\u00e4r&#8220; singt Plewka \u00fcber unsere<br \/>\nKlimakatastrophe, unserem Schlechten und Billigen Geschmack.<\/p>\n<p>Mit &#8222;Myriaden&#8220;, ihrem 8. Studioalbum haben Selig ein Protestalbum ver\u00f6ffentlicht,<br \/>\ndas nicht w\u00fctend oder frustiert klingt, aber nur in einem einzigen Song laut wird.<\/p>\n<p>Ab den 6. Mai 2021 wollen Selig f\u00fcr 27 Shows durch Deutschland touren. Nach Plan<br \/>\nstoppen sie dann am 13.07. in Wiesbaden zu einem Live Konzert in der Arena. Im<br \/>\nVorprogramm die Jungs von Fury in the Slaughterhouse.<\/p>\n<p>Mal sehen was der der Sommer f\u00fcr uns bereit h\u00e4lt und uns die Bazille von Virus<br \/>\n\u00fcbrig l\u00e4sst. Letzt Woche wurde bekannt, das auch das der gr\u00f6sste Hippie-Event auf<br \/>\neurop\u00e4ischen Boden, das Burg Herzberg Festival in Nordhessen ausf\u00e4llt und auf\u00b4s<br \/>\nn\u00e4chste Jahr verlegt wurde \u2013 wie alle grossen Festivals.<\/p>\n<h3>Wir jedenfalls sind ausgedorrt und s\u00fcchtig nach guter Livemusik.<\/h3>\n<p><strong>02. FEE. &#8211; Zusammen kann man uns nichts passieren (live)<\/strong><br \/>\n<strong>mit der HR Bigband unter der Leitung von Rainer Tempel<\/strong><\/p>\n<p><strong>03. FEE. &#8211; Elexier<\/strong>\u00a0Album &#8222;Nachtluft&#8220; (V\u00d6 12\/2020)<\/p>\n<p><strong>04. FEE. &#8211; Nichts + Utopie<\/strong> (Fee.-Trio) Live VMRS 2020 Batschkapp<\/p>\n<p><strong>05. FEE. &amp; HR Bigband &#8211; Landebahn<\/strong><br \/>\n<strong>\u00a0 \u00a0 \u00a0 \u00a0FEE. &#8211; Einzimmerwohnung<\/strong> Debut-Album: Ein Zimmer K\u00fcche Bad (V\u00d6 2018)<\/p>\n<p><strong>06. FEE. &#8211; Mein Lied<\/strong> Sampler &#8222;Der kleine Ton&#8220;<\/p>\n<p><strong>07. FEE. &#8211; Immer wieder<\/strong> Album: Ein Zimmer K\u00fcche Bad (V\u00d6 2018)<\/p>\n<p><strong>08. HEINZ RATZ aka STROM &amp; WASSER feat. THE REFUGEES \u2013 Alle machen mit\u00a0<\/strong>(nur angespielt)<br \/>\n<strong>\u00a0 \u00a0 \u00a0 \u00a0<\/strong>(Album: Freiheit ist ein Paradies)<\/p>\n<p><a href=\"https:\/\/www.backstagepro.de\/thema\/drei-projekte-die-hoffnung-fuer-musikerinnen-und-musiker-in-der-pandemie-machen-2021-04-14-q7kZdz5ZN1?&amp;utm_source=newsletter&amp;utm_medium=mail&amp;utm_campaign=2021-04-14\" target=\"_blank\" rel=\"noopener\">Drei Projekte, die Hoffnung f\u00fcr Musikerinnen und Musiker in der Pandemie machen &#8211; Backstage PRO<\/a><\/p>\n<p>Stay tuned ! Ben vom H\u00f6rnerv &amp; Niels von OF-Scene\u00a0 \u00a0&#8211;\u00a0 n\u00e4chster H\u00f6rnerv am Mi., 5. Mai mit den Local Heroes der Heavy Rock Band SUD<\/p>\n<h2><strong>HARTE ZEITEN W\u00c4HREND DER PANDEMIE.\u00a0<\/strong><strong>WER MUSIKER*INNEN HELFEN M\u00d6CHTE, KANN UND SOLLTE NAT\u00dcRLICH VOR ALLEM DEREN MUSIK KAUFEN !<\/strong><\/h2>\n<p>Weitere M\u00f6glichkeiten gibt es auch unter:<\/p>\n<p><a href=\"https:\/\/www.kulturzeiterin.de\/\" target=\"_blank\" rel=\"noopener\">Kulturzeiter*in (kulturzeiterin.de)<\/a><\/p>\n<p><a href=\"https:\/\/www.alarmstuferot.org\/\" target=\"_blank\" rel=\"noopener\">#AlarmstufeRot<\/a><\/p>\n<p><a href=\"https:\/\/www.initiative-musik.de\/corona-hilfsprogramm\/\" target=\"_blank\" rel=\"noopener\">Spendenaktion f\u00fcr Musiker*innen &#8211; Initiative Musik (initiative-musik.de)<\/a><\/p>\n<p><a href=\"https:\/\/unitedwestream.berlin\/\" target=\"_blank\" rel=\"noopener\">United We Stream<\/a><\/p>\n<p><a href=\"https:\/\/crewnation.org\/\" target=\"_blank\" rel=\"noopener\">Crew Nation<\/a><\/p>\n<p><a href=\"https:\/\/www.coronakuenstlerhilfe.de\/\" target=\"_blank\" rel=\"noopener\">#coronakuenstlerhilfe<\/a><\/p>\n<p>&nbsp;<\/p>\n<p>&nbsp;<\/p>\n","protected":false},"excerpt":{"rendered":"<p>21.04.2021, 17 &#8211; 18 Uhr auf Frankfurts unabh\u00e4ngiges, werbefreies Stadtradio &#8211; radio x | Frankfurter Stadtradio | FM 91,8 (und danach f\u00fcr 7 Tage als Podcast in der Audiothek) Studiogast: Fee. aus Frankfurt\/Main (Songpoetin u. Singer- u. Songschreiberin) FEE. | Singer-Songwriterin (feemusik.de) Gestartet ist sie einst als Frontfrau der Band NEOH. Doch sie stieg \u2013 [&hellip;]<\/p>\n","protected":false},"author":4,"featured_media":11252,"comment_status":"open","ping_status":"open","sticky":false,"template":"","format":"standard","meta":{"footnotes":""},"categories":[7,8,3],"tags":[704,708,707,458,460,705,703,702,462,706],"class_list":["post-11245","post","type-post","status-publish","format-standard","has-post-thumbnail","hentry","category-hoernerv","category-redaktionen","category-virusmusikradio","tag-alarmstufe-rot","tag-coronakuenstlerhilfe","tag-crew-nation","tag-fee","tag-hein-ratz","tag-initiative-musik","tag-kulturzeiterin","tag-selig","tag-strom-und-wasser","tag-united-we-stream"],"_links":{"self":[{"href":"http:\/\/virusmusik.de\/magazin\/index.php?rest_route=\/wp\/v2\/posts\/11245","targetHints":{"allow":["GET"]}}],"collection":[{"href":"http:\/\/virusmusik.de\/magazin\/index.php?rest_route=\/wp\/v2\/posts"}],"about":[{"href":"http:\/\/virusmusik.de\/magazin\/index.php?rest_route=\/wp\/v2\/types\/post"}],"author":[{"embeddable":true,"href":"http:\/\/virusmusik.de\/magazin\/index.php?rest_route=\/wp\/v2\/users\/4"}],"replies":[{"embeddable":true,"href":"http:\/\/virusmusik.de\/magazin\/index.php?rest_route=%2Fwp%2Fv2%2Fcomments&post=11245"}],"version-history":[{"count":15,"href":"http:\/\/virusmusik.de\/magazin\/index.php?rest_route=\/wp\/v2\/posts\/11245\/revisions"}],"predecessor-version":[{"id":11263,"href":"http:\/\/virusmusik.de\/magazin\/index.php?rest_route=\/wp\/v2\/posts\/11245\/revisions\/11263"}],"wp:featuredmedia":[{"embeddable":true,"href":"http:\/\/virusmusik.de\/magazin\/index.php?rest_route=\/wp\/v2\/media\/11252"}],"wp:attachment":[{"href":"http:\/\/virusmusik.de\/magazin\/index.php?rest_route=%2Fwp%2Fv2%2Fmedia&parent=11245"}],"wp:term":[{"taxonomy":"category","embeddable":true,"href":"http:\/\/virusmusik.de\/magazin\/index.php?rest_route=%2Fwp%2Fv2%2Fcategories&post=11245"},{"taxonomy":"post_tag","embeddable":true,"href":"http:\/\/virusmusik.de\/magazin\/index.php?rest_route=%2Fwp%2Fv2%2Ftags&post=11245"}],"curies":[{"name":"wp","href":"https:\/\/api.w.org\/{rel}","templated":true}]}}