{"id":11231,"date":"2021-04-12T01:21:31","date_gmt":"2021-04-11T23:21:31","guid":{"rendered":"http:\/\/virusmusik.de\/magazin\/?p=11231"},"modified":"2021-04-12T01:21:31","modified_gmt":"2021-04-11T23:21:31","slug":"meine-playliste-von-der-virusmusikradio-sendung-helden-des-sonntags-am-11-april-2021","status":"publish","type":"post","link":"http:\/\/virusmusik.de\/magazin\/?p=11231","title":{"rendered":"Meine Playliste von der VirusMusikRadio-Sendung \u2013 Helden des Sonntags am 11. April 2021."},"content":{"rendered":"<h2><strong>Meine Playliste von der heutigen VirusMusikRadio-Sendung \u2013 Helden des Sonntags.<\/strong><br \/>\nSonntag 11.04.2021<\/h2>\n<p><img loading=\"lazy\" decoding=\"async\" class=\"alignleft wp-image-10612\" src=\"http:\/\/virusmusik.de\/magazin\/wp-content\/uploads\/2019\/01\/01-virusmusik_radioGinter-300x295.jpg\" alt=\"\" width=\"205\" height=\"202\" srcset=\"http:\/\/virusmusik.de\/magazin\/wp-content\/uploads\/2019\/01\/01-virusmusik_radioGinter-300x295.jpg 300w, http:\/\/virusmusik.de\/magazin\/wp-content\/uploads\/2019\/01\/01-virusmusik_radioGinter-768x756.jpg 768w, http:\/\/virusmusik.de\/magazin\/wp-content\/uploads\/2019\/01\/01-virusmusik_radioGinter.jpg 813w\" sizes=\"auto, (max-width: 205px) 100vw, 205px\" \/>Heute ging es in meiner Sendung um VirusMusik. Ja, diese kleine Musikinitiative gibt es jetzt schon sein \u00fcber drei\u00dfig Jahren. Aber im Prinzip fing alles mit der 1. Frankfurter Rockmesse 1991 an. <strong>VirusMusik<\/strong> ist eine Initiative Frankfurter MusikerInnen aus der Rock- und Popszene. <strong>VirusMusik<\/strong> wurde gegr\u00fcndet, um die regionale Musikszene zu f\u00f6rdern und f\u00fcr diese in der Stadt Bedingungen zu schaffen, unter denen sich produktiv und zukunftsorientiert arbeiten l\u00e4sst. Vertreten durch <strong>VirusMusik<\/strong> werden die MusikerInnen und Fans der ca. <em>1.500<\/em> <em>Bands<\/em> in und um Frankfurt.<\/p>\n<p><strong>VirusMusik<\/strong> entwickelt seit 1990 neue interessante Veranstaltungskonzepte, um neue Auftrittsm\u00f6glichkeiten f\u00fcr die MusikerInnen der Region zu schaffen und der \u00d6ffentlichkeit unterhaltsame Einblicke in die kreative regionale Musikszene zu geben. So fand im Jahr 1991 die <em>1.Frankfurter Rockmesse<\/em> statt. \u00dcber sechzig Bands aus Frankfurt und Umgebung traten innerhalb 1 Woche bei freiem Eintritt auf neun B\u00fchnen vor insgesamt 10.000 BesucherInnen auf. Ein Bandkatalog, eine Videodokumentation \u00fcber die Frankfurter Musikszene, ein Kassetten-Sampler und die erste KICK-Zeitung erschienen zur Messe. Das Konzept wurde 1994 in \u00e4hnlicher Form wiederholt.<\/p>\n<figure id=\"attachment_11233\" aria-describedby=\"caption-attachment-11233\" style=\"width: 300px\" class=\"wp-caption alignright\"><img loading=\"lazy\" decoding=\"async\" class=\"wp-image-11233 size-medium\" src=\"http:\/\/virusmusik.de\/magazin\/wp-content\/uploads\/2021\/04\/Perle-300x74.jpg\" alt=\"\" width=\"300\" height=\"74\" srcset=\"http:\/\/virusmusik.de\/magazin\/wp-content\/uploads\/2021\/04\/Perle-300x74.jpg 300w, http:\/\/virusmusik.de\/magazin\/wp-content\/uploads\/2021\/04\/Perle-768x189.jpg 768w, http:\/\/virusmusik.de\/magazin\/wp-content\/uploads\/2021\/04\/Perle-1024x252.jpg 1024w, http:\/\/virusmusik.de\/magazin\/wp-content\/uploads\/2021\/04\/Perle.jpg 1347w\" sizes=\"auto, (max-width: 300px) 100vw, 300px\" \/><figcaption id=\"caption-attachment-11233\" class=\"wp-caption-text\">Die Band Perle aus Frankfurt Main.<\/figcaption><\/figure>\n<p>Das <em>1. Atemlos- Festival <\/em>im Jahr 1992 mit rund 4000 BesucherInnen hatte die \u00d6ffnung der Musikszene zu anderen kulturellen Bereichen zum Thema. Die Erm\u00f6glichung von k\u00fcnstlerischen Experimenten sowie die Anregung der Bands zu attraktiven B\u00fchnenpr\u00e4sentationen standen konzeptionell im Vordergrund. Dieser Ansatz wurde seitdem immer wieder aufgegriffen bei zahlreichen Projekten mit K\u00fcnstler\/innen aus anderen Kulturbereichen. Beispiele daf\u00fcr: Theaterprojekte mit der Jugendbildungsst\u00e4tte Dietzenbach (u.a.1996 <em>Jim Morrison &amp; H\u00f6lderlin<\/em>, 1998 <em>Die Andy Warhol New York City Di\u00e4t<\/em>) sowie Produktionen mit dem <em>Theater Willy Praml<\/em> und <em>Antagon<\/em>; 1999 das <em>2. Atemlos-Festival<\/em> im Sinkkasten (Musik und Video), im Jahr 2000 die &#8222;musikalische Reality-Soap&#8220; <em>Gutleutstr. 77<\/em> sowie das <em>WortArt- Musik-Festiva<\/em>l, bei dem es um spannende Verbindungen von Literatur und Musik ging.<\/p>\n<figure id=\"attachment_11234\" aria-describedby=\"caption-attachment-11234\" style=\"width: 300px\" class=\"wp-caption alignleft\"><img loading=\"lazy\" decoding=\"async\" class=\"wp-image-11234 size-medium\" src=\"http:\/\/virusmusik.de\/magazin\/wp-content\/uploads\/2021\/04\/Low500-300x200.jpg\" alt=\"\" width=\"300\" height=\"200\" srcset=\"http:\/\/virusmusik.de\/magazin\/wp-content\/uploads\/2021\/04\/Low500-300x200.jpg 300w, http:\/\/virusmusik.de\/magazin\/wp-content\/uploads\/2021\/04\/Low500-768x512.jpg 768w, http:\/\/virusmusik.de\/magazin\/wp-content\/uploads\/2021\/04\/Low500-1024x683.jpg 1024w, http:\/\/virusmusik.de\/magazin\/wp-content\/uploads\/2021\/04\/Low500-272x182.jpg 272w, http:\/\/virusmusik.de\/magazin\/wp-content\/uploads\/2021\/04\/Low500.jpg 1296w\" sizes=\"auto, (max-width: 300px) 100vw, 300px\" \/><figcaption id=\"caption-attachment-11234\" class=\"wp-caption-text\">Low 500 aus Frankfurt Main.<\/figcaption><\/figure>\n<p>&#8211; 2001 &#8222;Gedr\u00e4nge statt Plastik&#8220; Unter dem Motto <em>&#8222;10 Jahre Kick in Frankfurt&#8220;<\/em> veranstaltete die Musik-Initiative im November 2001 parallel zum <em>&#8222;MTV Europe Music-Award&#8220;<\/em> ein viert\u00e4giges Musikspektakel. Im eigens zu diesem Festival herausgegebenen Bandkatalog pr\u00e4sentieren sich 575 Bands. Au\u00dferdem wurde ein CD Sampler und die aktualisierte Ausgabe der <em>&#8222;I-Pages 2002&#8220;<\/em> zum Festival herausgebracht. Es gibt noch viel \u00fcber VirusMusik und die Arbeit von VirusMusik zu erz\u00e4hlen. Aber in meiner Sendung geht es nat\u00fcrlich auch um Musik. Deshalb habe ich in meiner heutigen Sendung Musik von Bands gespielt, die nat\u00fcrlich aus der Region kommen und die uns auf unseren fr\u00fcheren Veranstaltungen begleitet haben. Ich w\u00fcrde gerne Musik von allen Bands spielen, aber das w\u00fcrde viel zu lange dauern. Deshalb nur ein paar der Bands f\u00fcr die und mit denen wir in unserer Anfangszeit als Musikinitiative gearbeitet haben.<\/p>\n<p>&nbsp;<\/p>\n<p>&nbsp;<\/p>\n<figure id=\"attachment_11235\" aria-describedby=\"caption-attachment-11235\" style=\"width: 300px\" class=\"wp-caption alignright\"><img loading=\"lazy\" decoding=\"async\" class=\"wp-image-11235 size-medium\" src=\"http:\/\/virusmusik.de\/magazin\/wp-content\/uploads\/2021\/04\/The-Monochords-300x213.jpg\" alt=\"\" width=\"300\" height=\"213\" srcset=\"http:\/\/virusmusik.de\/magazin\/wp-content\/uploads\/2021\/04\/The-Monochords-300x213.jpg 300w, http:\/\/virusmusik.de\/magazin\/wp-content\/uploads\/2021\/04\/The-Monochords.jpg 604w\" sizes=\"auto, (max-width: 300px) 100vw, 300px\" \/><figcaption id=\"caption-attachment-11235\" class=\"wp-caption-text\">The Monochords<\/figcaption><\/figure>\n<p>Perle (aus Frankfurt) \u2013 es gibt leider keine Internetseite -zumindest keine die ich finden kann.<\/p>\n<p>Low500 &#8211; <a href=\"https:\/\/www.facebook.com\/Low-500-480543498754437\/?ref=page_internal\" target=\"_blank\" rel=\"noopener\">https:\/\/www.facebook.com\/Low-500-480543498754437\/?ref=page_internal<\/a><\/p>\n<p>The Monochords &#8211; <a href=\"https:\/\/www.facebook.com\/The-Monochords-27292804718\" target=\"_blank\" rel=\"noopener\">https:\/\/www.facebook.com\/The-Monochords-27292804718<\/a><\/p>\n<p>Sinbeats &#8211; <a href=\"https:\/\/www.backstagepro.de\/sinbeats\" target=\"_blank\" rel=\"noopener\">https:\/\/www.backstagepro.de\/sinbeats<\/a><\/p>\n<p>Syncromatic Dubsters &#8211; <a href=\"http:\/\/frederikfeindt.de\/syncromatic-dubsters\" target=\"_blank\" rel=\"noopener\">http:\/\/frederikfeindt.de\/syncromatic-dubsters<\/a><\/p>\n<p>Silber Karma \u2013 gibt es leider keine Internetseite. War ne Band aus dem Heddernheimer Musikbunker so um 2001.<\/p>\n<p>&nbsp;<\/p>\n<h4>Die Playliste.<\/h4>\n<p>Perle \u2013 ich bin m\u00fcde<\/p>\n<p>Low500 \u2013 drop out<\/p>\n<p>The Monochords \u2013 i\u00b4m in a mess<\/p>\n<p>Sinbeats \u2013 black water<\/p>\n<p>Syncormatic Dubsters \u2013 7 miles high<\/p>\n<p>Silber Karma &#8211; Laptop<\/p>\n<p>&nbsp;<\/p>\n<p>Vielen Dank f\u00fcr euer Interesse.<\/p>\n<p>&nbsp;<\/p>\n<p>Liebe Gr\u00fc\u00dfe<\/p>\n<p>&nbsp;<\/p>\n<p>Sepp\u2019l<\/p>\n<p>VirusMusikRadio<\/p>\n<p>&nbsp;<\/p>\n<p>&nbsp;<\/p>\n<p>&nbsp;<\/p>\n<p>&nbsp;<\/p>\n<p>&nbsp;<\/p>\n<div class=\"ms-editor-squiggler\" style=\"color: initial; font: initial; font-feature-settings: initial; font-kerning: initial; font-optical-sizing: initial; font-variation-settings: initial; forced-color-adjust: initial; text-orientation: initial; text-rendering: initial; -webkit-font-smoothing: initial; -webkit-locale: initial; -webkit-text-orientation: initial; -webkit-writing-mode: initial; writing-mode: initial; zoom: initial; place-content: initial; place-items: initial; place-self: initial; alignment-baseline: initial; animation: initial; appearance: initial; aspect-ratio: initial; backdrop-filter: initial; backface-visibility: initial; background: initial; background-blend-mode: initial; baseline-shift: initial; block-size: initial; border-block: initial; border: initial; border-radius: initial; border-collapse: initial; border-end-end-radius: initial; border-end-start-radius: initial; border-inline: initial; border-start-end-radius: initial; border-start-start-radius: initial; inset: initial; box-shadow: initial; box-sizing: initial; break-after: initial; break-before: initial; break-inside: initial; buffered-rendering: initial; caption-side: initial; caret-color: initial; clear: initial; clip: initial; clip-path: initial; clip-rule: initial; color-interpolation: initial; color-interpolation-filters: initial; color-rendering: initial; color-scheme: initial; columns: initial; column-fill: initial; gap: initial; column-rule: initial; column-span: initial; contain: initial; contain-intrinsic-size: initial; content: initial; content-visibility: initial; counter-increment: initial; counter-reset: initial; counter-set: initial; cursor: initial; cx: initial; cy: initial; d: initial; display: block; dominant-baseline: initial; empty-cells: initial; fill: initial; fill-opacity: initial; fill-rule: initial; filter: initial; flex: initial; flex-flow: initial; float: initial; flood-color: initial; flood-opacity: initial; grid: initial; grid-area: initial; height: 0px; hyphens: initial; image-orientation: initial; image-rendering: initial; inline-size: initial; inset-block: initial; inset-inline: initial; isolation: initial; letter-spacing: initial; lighting-color: initial; line-break: initial; list-style: initial; margin-block: initial; margin: initial; margin-inline: initial; marker: initial; mask: initial; mask-type: initial; max-block-size: initial; max-height: initial; max-inline-size: initial; max-width: initial; min-block-size: initial; min-height: initial; min-inline-size: initial; min-width: initial; mix-blend-mode: initial; object-fit: initial; object-position: initial; offset: initial; opacity: initial; order: initial; origin-trial-test-property: initial; orphans: initial; outline: initial; outline-offset: initial; overflow-anchor: initial; overflow-wrap: initial; overflow: initial; overscroll-behavior-block: initial; overscroll-behavior-inline: initial; overscroll-behavior: initial; padding-block: initial; padding: initial; padding-inline: initial; page: initial; page-orientation: initial; paint-order: initial; perspective: initial; perspective-origin: initial; pointer-events: initial; position: initial; quotes: initial; r: initial; resize: initial; ruby-position: initial; rx: initial; ry: initial; scroll-behavior: initial; scroll-margin-block: initial; scroll-margin: initial; scroll-margin-inline: initial; scroll-padding-block: initial; scroll-padding: initial; scroll-padding-inline: initial; scroll-snap-align: initial; scroll-snap-stop: initial; scroll-snap-type: initial; shape-image-threshold: initial; shape-margin: initial; shape-outside: initial; shape-rendering: initial; size: initial; speak: initial; stop-color: initial; stop-opacity: initial; stroke: initial; stroke-dasharray: initial; stroke-dashoffset: initial; stroke-linecap: initial; stroke-linejoin: initial; stroke-miterlimit: initial; stroke-opacity: initial; stroke-width: initial; tab-size: initial; table-layout: initial; text-align: initial; text-align-last: initial; text-anchor: initial; text-combine-upright: initial; text-decoration: initial; text-decoration-skip-ink: initial; text-indent: initial; text-overflow: initial; text-shadow: initial; text-size-adjust: initial; text-transform: initial; text-underline-offset: initial; text-underline-position: initial; touch-action: initial; transform: initial; transform-box: initial; transform-origin: initial; transform-style: initial; transition: initial; user-select: initial; vector-effect: initial; vertical-align: initial; visibility: initial; -webkit-app-region: initial; border-spacing: initial; -webkit-border-image: initial; -webkit-box-align: initial; -webkit-box-decoration-break: initial; -webkit-box-direction: initial; -webkit-box-flex: initial; -webkit-box-ordinal-group: initial; -webkit-box-orient: initial; -webkit-box-pack: initial; -webkit-box-reflect: initial; -webkit-highlight: initial; -webkit-hyphenate-character: initial; -webkit-line-break: initial; -webkit-line-clamp: initial; -webkit-mask-box-image: initial; -webkit-mask: initial; -webkit-mask-composite: initial; -webkit-perspective-origin-x: initial; -webkit-perspective-origin-y: initial; -webkit-print-color-adjust: initial; -webkit-rtl-ordering: initial; -webkit-ruby-position: initial; -webkit-tap-highlight-color: initial; -webkit-text-combine: initial; -webkit-text-decorations-in-effect: initial; -webkit-text-emphasis: initial; -webkit-text-emphasis-position: initial; -webkit-text-fill-color: initial; -webkit-text-security: initial; -webkit-text-stroke: initial; -webkit-transform-origin-x: initial; -webkit-transform-origin-y: initial; -webkit-transform-origin-z: initial; -webkit-user-drag: initial; -webkit-user-modify: initial; white-space: initial; widows: initial; width: initial; will-change: initial; word-break: initial; word-spacing: initial; x: initial; y: initial; z-index: initial;\"><\/div>\n","protected":false},"excerpt":{"rendered":"<p>Meine Playliste von der heutigen VirusMusikRadio-Sendung \u2013 Helden des Sonntags. Sonntag 11.04.2021 Heute ging es in meiner Sendung um VirusMusik. Ja, diese kleine Musikinitiative gibt es jetzt schon sein \u00fcber drei\u00dfig Jahren. Aber im Prinzip fing alles mit der 1. Frankfurter Rockmesse 1991 an. VirusMusik ist eine Initiative Frankfurter MusikerInnen aus der Rock- und Popszene. [&hellip;]<\/p>\n","protected":false},"author":2,"featured_media":11232,"comment_status":"open","ping_status":"open","sticky":false,"template":"","format":"standard","meta":{"footnotes":""},"categories":[1,3],"tags":[],"class_list":["post-11231","post","type-post","status-publish","format-standard","has-post-thumbnail","hentry","category-allgemein","category-virusmusikradio"],"_links":{"self":[{"href":"http:\/\/virusmusik.de\/magazin\/index.php?rest_route=\/wp\/v2\/posts\/11231","targetHints":{"allow":["GET"]}}],"collection":[{"href":"http:\/\/virusmusik.de\/magazin\/index.php?rest_route=\/wp\/v2\/posts"}],"about":[{"href":"http:\/\/virusmusik.de\/magazin\/index.php?rest_route=\/wp\/v2\/types\/post"}],"author":[{"embeddable":true,"href":"http:\/\/virusmusik.de\/magazin\/index.php?rest_route=\/wp\/v2\/users\/2"}],"replies":[{"embeddable":true,"href":"http:\/\/virusmusik.de\/magazin\/index.php?rest_route=%2Fwp%2Fv2%2Fcomments&post=11231"}],"version-history":[{"count":1,"href":"http:\/\/virusmusik.de\/magazin\/index.php?rest_route=\/wp\/v2\/posts\/11231\/revisions"}],"predecessor-version":[{"id":11236,"href":"http:\/\/virusmusik.de\/magazin\/index.php?rest_route=\/wp\/v2\/posts\/11231\/revisions\/11236"}],"wp:featuredmedia":[{"embeddable":true,"href":"http:\/\/virusmusik.de\/magazin\/index.php?rest_route=\/wp\/v2\/media\/11232"}],"wp:attachment":[{"href":"http:\/\/virusmusik.de\/magazin\/index.php?rest_route=%2Fwp%2Fv2%2Fmedia&parent=11231"}],"wp:term":[{"taxonomy":"category","embeddable":true,"href":"http:\/\/virusmusik.de\/magazin\/index.php?rest_route=%2Fwp%2Fv2%2Fcategories&post=11231"},{"taxonomy":"post_tag","embeddable":true,"href":"http:\/\/virusmusik.de\/magazin\/index.php?rest_route=%2Fwp%2Fv2%2Ftags&post=11231"}],"curies":[{"name":"wp","href":"https:\/\/api.w.org\/{rel}","templated":true}]}}